{"id":121376,"date":"2021-07-14T11:30:00","date_gmt":"2021-07-14T15:30:00","guid":{"rendered":"https:\/\/linitiative.ca\/International\/bayern-la-drole-danecdote-sur-la-signature-de-upamecano\/"},"modified":"2021-07-14T11:30:00","modified_gmt":"2021-07-14T15:30:00","slug":"bayern-la-drole-danecdote-sur-la-signature-de-upamecano","status":"publish","type":"post","link":"https:\/\/linitiative.ca\/International\/bayern-la-drole-danecdote-sur-la-signature-de-upamecano\/","title":{"rendered":"Bayern : La dr\u00f4le d&rsquo;anecdote sur la signature de Upamecano"},"content":{"rendered":"<div>Le 14 f\u00e9vrier dernier, le Bayern Munich officialisait le transfert de Dayot Upamecano en provenance du RB Leipzig, \u00e0 partir du 1er juillet 2021, jusqu&rsquo;en juin 2026.<img loading=\"lazy\" decoding=\"async\" src=\"http:\/\/feeds.feedburner.com\/~r\/GalerieFArtciles\/~4\/AZs6bGZ16ms\" height=\"1\" width=\"1\" alt=\"\"><\/div>\n<p>Auteur:<br \/>\n<a href=\"http:\/\/www.lebuteur.com\/article\/detail?titre=bayern-la-drole-danecdote-sur-la-signature-de-upamecano&#038;id=100628&#038;utm_source=feedburner&#038;utm_medium=feed&#038;utm_campaign=Feed%3A+GalerieFArtciles+%28Les+derniers+articles++-+lebuteur.com%29\">Cliquez ici pour lire l&rsquo;article depuis sa source.<\/a><\/p>\n","protected":false},"excerpt":{"rendered":"<p>Le 14 f\u00e9vrier dernier, le Bayern Munich officialisait le transfert de Dayot Upamecano en provenance du RB Leipzig, \u00e0 partir du 1er juillet 2021, jusqu&rsquo;en juin 2026. Auteur: Cliquez ici pour lire l&rsquo;article depuis sa source.<\/p>\n","protected":false},"author":1738,"featured_media":0,"comment_status":"closed","ping_status":"closed","sticky":false,"template":"","format":"standard","meta":{"fifu_image_url":"http:\/\/feeds.feedburner.com\/~r\/GalerieFArtciles\/~4\/AZs6bGZ16ms","fifu_image_alt":"<div>Bayern : La dr\u00f4le d'anecdote sur la signature de Upamecano<\/div>","footnotes":""},"categories":[53,75],"tags":[],"class_list":["post-121376","post","type-post","status-publish","format-standard","hentry","category-algerie","category-sport"],"_links":{"self":[{"href":"https:\/\/linitiative.ca\/International\/wp-json\/wp\/v2\/posts\/121376","targetHints":{"allow":["GET"]}}],"collection":[{"href":"https:\/\/linitiative.ca\/International\/wp-json\/wp\/v2\/posts"}],"about":[{"href":"https:\/\/linitiative.ca\/International\/wp-json\/wp\/v2\/types\/post"}],"author":[{"embeddable":true,"href":"https:\/\/linitiative.ca\/International\/wp-json\/wp\/v2\/users\/1738"}],"replies":[{"embeddable":true,"href":"https:\/\/linitiative.ca\/International\/wp-json\/wp\/v2\/comments?post=121376"}],"version-history":[{"count":0,"href":"https:\/\/linitiative.ca\/International\/wp-json\/wp\/v2\/posts\/121376\/revisions"}],"wp:attachment":[{"href":"https:\/\/linitiative.ca\/International\/wp-json\/wp\/v2\/media?parent=121376"}],"wp:term":[{"taxonomy":"category","embeddable":true,"href":"https:\/\/linitiative.ca\/International\/wp-json\/wp\/v2\/categories?post=121376"},{"taxonomy":"post_tag","embeddable":true,"href":"https:\/\/linitiative.ca\/International\/wp-json\/wp\/v2\/tags?post=121376"}],"curies":[{"name":"wp","href":"https:\/\/api.w.org\/{rel}","templated":true}]}}