{"id":121381,"date":"2021-07-14T08:09:45","date_gmt":"2021-07-14T12:09:45","guid":{"rendered":"https:\/\/linitiative.ca\/International\/pres-de-8-500-hectares-de-forets-devastes-par-les-incendies\/"},"modified":"2021-07-14T08:09:45","modified_gmt":"2021-07-14T12:09:45","slug":"pres-de-8-500-hectares-de-forets-devastes-par-les-incendies","status":"publish","type":"post","link":"https:\/\/linitiative.ca\/International\/pres-de-8-500-hectares-de-forets-devastes-par-les-incendies\/","title":{"rendered":"Pr\u00e8s de 8 500 hectares de for\u00eats d\u00e9vast\u00e9s par les incendies"},"content":{"rendered":"<div>\n<div class=\"sriret\"><img loading=\"lazy\" decoding=\"async\" width=\"997\" height=\"651\" src=\"https:\/\/linitiative.ca\/International\/wp-content\/uploads\/sites\/23\/2021\/07\/Sans-titre-1-38-e1568882755970-1.gif\" class=\"attachment-featured_large size-featured_large wp-post-image\" alt=\"\" style=\"margin-bottom: 15px;\"><\/div>\n<p><strong><em>Les incendies ont d\u00e9vast\u00e9 depuis le d\u00e9but de juillet en cours pr\u00e8s de 8.500 hectares de for\u00eats, dont une majorit\u00e9 dans la wilaya de Khenchela, a indiqu\u00e9 mercredi 14 juillet \u00e0 Alger le ministre de l\u2019Agriculture et du D\u00e9veloppement rural, Abdelhamid Hemdani.<\/em> <\/strong><\/p>\n<p>Il s\u2019agit de plus du triple de la surface foresti\u00e8re ravag\u00e9e par les flammes l\u2019ann\u00e9e derni\u00e8re \u00e0 la m\u00eame p\u00e9riode (2.600 hectares), a relev\u00e9 M. Hemdani qui s\u2019exprimant sur les ondes de la Chaine III de la Radio alg\u00e9rienne.<\/p>\n<p>\u00ab\u00a0C\u2019est in\u00e9dit dans l\u2019histoire de notre pays et c\u2019est la premi\u00e8re fois qu\u2019on assiste \u00e0 un ph\u00e9nom\u00e8ne aussi criminel, alors que nous sommes qu\u2019au d\u00e9but de la campagne\u00a0\u00bb, a-t-il d\u00e9plor\u00e9. Ces incendies sont, dans la plupart des cas, d\u2019origine \u00ab\u00a0criminelle\u00a0\u00bb, a soulign\u00e9 le ministre citant, dans ce sens, le rapport \u00e9tabli par l\u2019Agence spatiale alg\u00e9rienne (ASAL) et qui indique que les feux de for\u00eats \u00e9taient partis, \u00ab\u00a0tous sans exception\u00a0\u00bb, des bordures des for\u00eats.<\/p>\n<p>\u00ab\u00a0Il est inadmissible que les for\u00eats des Aur\u00e8s, \u00f4 combien symboliques, soient brul\u00e9es de cette fa\u00e7on criminelle \u00e0 la veille de la f\u00eate de l\u2019ind\u00e9pendance\u00a0\u00bb, a-t-il d\u00e9clar\u00e9. S\u2019agissant des indemnisations, M. Hemdani a assur\u00e9 que les sinistr\u00e9s des incendies de for\u00eats seront pris en charge \u00e0 travers leurs compagnies d\u2019assurances ou directement par le fonds du secteur. Selon lui, le pr\u00e9-bilan des d\u00e9g\u00e2ts fait \u00e9tat de pr\u00e8s de 8.000 arbres fruitiers.<\/p>\n<p>\u00ab\u00a0Quel que soit le bilan qui sera arr\u00eat\u00e9 \u00e0 l\u2019issue des constats et de l\u2019\u00e9valuation des d\u00e9g\u00e2ts, \u00e7a sera pris en charge sur le fond du secteur en nature, pour permettre la relance de l\u2019activit\u00e9 agricole\u00a0\u00bb, a-t-il indiqu\u00e9.<\/p>\n<p>Par ailleurs, le ministre a annonc\u00e9 une nouvelle politique de soutien agricole qui permettra d\u2019aider les agriculteurs selon des crit\u00e8res de performance pr\u00e9d\u00e9finies. Il s\u2019agit de codifier l\u2019intervention publique \u00e0 travers des m\u00e9canismes de soutien et d\u2019accompagnement particuliers pour chaque fili\u00e8re.<\/p>\n<p>\u00ab\u00a0Pourquoi voulez-vous qu\u2019on soutienne tout, partout et de la m\u00eame fa\u00e7on. Pourquoi voulez-vous qu\u2019on soutienne qui fait l\u2019effort et qui suit l\u2019itin\u00e9raire technique et qui est dans une zone de pr\u00e9 direction d\u2019une fili\u00e8re donn\u00e9e, au m\u00eame titre que celui qui devrait faire du rustique alors qu\u2019il fait autre chose.<\/p>\n<p>Ce n\u2019est pas rationnel\u00a0\u00bb, a-t-il soutenu. Pour le bl\u00e9 tendre import\u00e9, le ministre a soulign\u00e9 que le nouveau programme de subvention cibl\u00e9, en cours de r\u00e9flexion, pr\u00e9voit de limiter le soutien de l\u2019Etat \u00e0 la production de pain et non pas aux activit\u00e9s de transformation.<\/p>\n<p>\u00ab\u00a0Nous avons besoin de 4 millions de tonnes de bl\u00e9 tendre pour satisfaire nos besoins en mati\u00e8re de pain subventionn\u00e9. Pourquoi alors importer 6,5 millions de tonnes\u00a0\u00bb, s\u2019est-il interrog\u00e9. Concernant la fili\u00e8re lait, le ministre a fait savoir que de nouvelles mesures seront annonc\u00e9es prochainement dans l\u2019objectif d\u2019encourager la production de lait cru et de et de son int\u00e9gration dans la production du lait de sachet subventionn\u00e9.<\/p>\n<p style=\"text-align: right;\"><strong><em>APS<\/em><\/strong><\/p>\n<p>L\u2019article <a rel=\"nofollow\" href=\"https:\/\/www.elwatan.com\/edition\/actualite\/pres-de-8-500-hectares-de-forets-devastes-par-les-incendies-14-07-2021\">Pr\u00e8s de 8 500 hectares de for\u00eats d\u00e9vast\u00e9s par les incendies<\/a> est apparu en premier sur <a rel=\"nofollow\" href=\"https:\/\/www.elwatan.com\/\">El Watan<\/a>.<\/p>\n<\/div>\n<p>Auteur: Mohand Yahiaoui<br \/>\n<a href=\"https:\/\/www.elwatan.com\/edition\/actualite\/pres-de-8-500-hectares-de-forets-devastes-par-les-incendies-14-07-2021\">Cliquez ici pour lire l&rsquo;article depuis sa source.<\/a><\/p>\n","protected":false},"excerpt":{"rendered":"<p>Les incendies ont d\u00e9vast\u00e9 depuis le d\u00e9but de juillet en cours pr\u00e8s de 8.500 hectares de for\u00eats, dont une majorit\u00e9 dans la wilaya de Khenchela, a indiqu\u00e9 mercredi 14 juillet \u00e0 Alger le ministre de l\u2019Agriculture et du D\u00e9veloppement rural, Abdelhamid Hemdani. Il s\u2019agit de plus du triple de la surface foresti\u00e8re ravag\u00e9e par les [&hellip;]<\/p>\n","protected":false},"author":1743,"featured_media":0,"comment_status":"closed","ping_status":"closed","sticky":false,"template":"","format":"standard","meta":{"fifu_image_url":"https:\/\/www.elwatan.com\/wp-content\/uploads\/2019\/09\/Sans-titre-1-38-e1568882755970.gif","fifu_image_alt":"Pr\u00e8s de 8 500 hectares de for\u00eats d\u00e9vast\u00e9s par les incendies","footnotes":""},"categories":[73,53],"tags":[],"class_list":["post-121381","post","type-post","status-publish","format-standard","hentry","category-actualite","category-algerie"],"_links":{"self":[{"href":"https:\/\/linitiative.ca\/International\/wp-json\/wp\/v2\/posts\/121381","targetHints":{"allow":["GET"]}}],"collection":[{"href":"https:\/\/linitiative.ca\/International\/wp-json\/wp\/v2\/posts"}],"about":[{"href":"https:\/\/linitiative.ca\/International\/wp-json\/wp\/v2\/types\/post"}],"author":[{"embeddable":true,"href":"https:\/\/linitiative.ca\/International\/wp-json\/wp\/v2\/users\/1743"}],"replies":[{"embeddable":true,"href":"https:\/\/linitiative.ca\/International\/wp-json\/wp\/v2\/comments?post=121381"}],"version-history":[{"count":0,"href":"https:\/\/linitiative.ca\/International\/wp-json\/wp\/v2\/posts\/121381\/revisions"}],"wp:attachment":[{"href":"https:\/\/linitiative.ca\/International\/wp-json\/wp\/v2\/media?parent=121381"}],"wp:term":[{"taxonomy":"category","embeddable":true,"href":"https:\/\/linitiative.ca\/International\/wp-json\/wp\/v2\/categories?post=121381"},{"taxonomy":"post_tag","embeddable":true,"href":"https:\/\/linitiative.ca\/International\/wp-json\/wp\/v2\/tags?post=121381"}],"curies":[{"name":"wp","href":"https:\/\/api.w.org\/{rel}","templated":true}]}}