{"id":121383,"date":"2021-07-14T11:15:42","date_gmt":"2021-07-14T15:15:42","guid":{"rendered":"https:\/\/linitiative.ca\/International\/incident-de-bejaia-les-directeurs-des-oeuvres-universitaires-del-kseur-et-de-la-residence-universitaire-amizour-01-suspendus-pour-manquement-a-leurs-obligations\/"},"modified":"2021-07-14T11:15:42","modified_gmt":"2021-07-14T15:15:42","slug":"incident-de-bejaia-les-directeurs-des-oeuvres-universitaires-del-kseur-et-de-la-residence-universitaire-amizour-01-suspendus-pour-manquement-a-leurs-obligations","status":"publish","type":"post","link":"https:\/\/linitiative.ca\/International\/incident-de-bejaia-les-directeurs-des-oeuvres-universitaires-del-kseur-et-de-la-residence-universitaire-amizour-01-suspendus-pour-manquement-a-leurs-obligations\/","title":{"rendered":"Incident de Beja\u00efa : les directeurs des \u0153uvres universitaires d\u2019El-Kseur et de la r\u00e9sidence universitaire Amizour 01 suspendus pour \u00ab\u00a0manquement\u00a0\u00bb \u00e0 leurs obligations\u00a0"},"content":{"rendered":"<div>\n<div class=\"sriret\"><img decoding=\"async\" src=\"https:\/\/linitiative.ca\/International\/wp-content\/uploads\/sites\/23\/2021\/07\/default-picture-709x366_c-10.jpg\"><\/div>\n<p>Le directeur des \u0153uvres universitaires d\u2019El-Kseur et celui de la r\u00e9sidence universitaire Amizour 01 dans la wilaya de Beja\u00efa ont \u00e9t\u00e9 suspendus pour \u00ab\u00a0manquement \u00e0 leurs obligations\u00a0\u00bb, a indiqu\u00e9 mercredi 14 juillet un communiqu\u00e9 du minist\u00e8re de l\u2019Enseignement sup\u00e9rieur et de la Recherche scientifique.<\/p>\n<p>Le minist\u00e8re \u00ab\u00a0d\u00e9plore la violence survenue dans l\u2019enceinte de la r\u00e9sidence universitaire Amizour 01, relevant de la direction des \u0153uvres universitaires d\u2019El-Kseur dans la wilaya de Beja\u00efa, suite \u00e0 une rixe qui a \u00e9clat\u00e9, lundi 12 juillet vers 23h30, entre \u00e9tudiants alg\u00e9riens et \u00e9trangers, entrainant des bless\u00e9s ainsi que des d\u00e9g\u00e2ts mat\u00e9riels\u00a0\u00bb, selon la m\u00eame source. \u00ab\u00a0Suite \u00e0 cet incident, le directeur des \u0153uvres universitaires d\u2019El-Kseur et celui de la r\u00e9sidence universitaire Amizour 01 ont \u00e9t\u00e9 suspendus pour manquements \u00e0 leurs obligations\u00a0\u00bb, a pr\u00e9cis\u00e9 le communiqu\u00e9.<\/p>\n<p>L\u2019article <a rel=\"nofollow\" href=\"https:\/\/www.elwatan.com\/edition\/actualite\/incident-de-bejaia-les-directeurs-des-oeuvres-universitaires-del-kseur-et-de-la-residence-universitaire-amizour-01-suspendus-pour-manquement-a-leurs-obligations-14-07-2021\">Incident de Beja\u00efa : les directeurs des \u0153uvres universitaires d\u2019El-Kseur et de la r\u00e9sidence universitaire Amizour 01 suspendus pour \u00ab\u00a0manquement\u00a0\u00bb \u00e0 leurs obligations\u00a0<\/a> est apparu en premier sur <a rel=\"nofollow\" href=\"https:\/\/www.elwatan.com\/\">El Watan<\/a>.<\/p>\n<\/div>\n<p>Auteur: Mohand Yahiaoui<br \/>\n<a href=\"https:\/\/www.elwatan.com\/edition\/actualite\/incident-de-bejaia-les-directeurs-des-oeuvres-universitaires-del-kseur-et-de-la-residence-universitaire-amizour-01-suspendus-pour-manquement-a-leurs-obligations-14-07-2021\">Cliquez ici pour lire l&rsquo;article depuis sa source.<\/a><\/p>\n","protected":false},"excerpt":{"rendered":"<p>Le directeur des \u0153uvres universitaires d\u2019El-Kseur et celui de la r\u00e9sidence universitaire Amizour 01 dans la wilaya de Beja\u00efa ont \u00e9t\u00e9 suspendus pour \u00ab\u00a0manquement \u00e0 leurs obligations\u00a0\u00bb, a indiqu\u00e9 mercredi 14 juillet un communiqu\u00e9 du minist\u00e8re de l\u2019Enseignement sup\u00e9rieur et de la Recherche scientifique. Le minist\u00e8re \u00ab\u00a0d\u00e9plore la violence survenue dans l\u2019enceinte de la r\u00e9sidence [&hellip;]<\/p>\n","protected":false},"author":1743,"featured_media":0,"comment_status":"closed","ping_status":"closed","sticky":false,"template":"","format":"standard","meta":{"fifu_image_url":"https:\/\/www.elwatan.com\/wp-content\/themes\/spectr\/img\/default-picture-709x366_c.jpg","fifu_image_alt":"Incident de Beja\u00efa : les directeurs des \u0153uvres universitaires d\u2019El-Kseur et de la r\u00e9sidence universitaire Amizour 01 suspendus pour \u00ab\u00a0manquement\u00a0\u00bb \u00e0 leurs obligations\u00a0","footnotes":""},"categories":[73,53],"tags":[],"class_list":["post-121383","post","type-post","status-publish","format-standard","hentry","category-actualite","category-algerie"],"_links":{"self":[{"href":"https:\/\/linitiative.ca\/International\/wp-json\/wp\/v2\/posts\/121383","targetHints":{"allow":["GET"]}}],"collection":[{"href":"https:\/\/linitiative.ca\/International\/wp-json\/wp\/v2\/posts"}],"about":[{"href":"https:\/\/linitiative.ca\/International\/wp-json\/wp\/v2\/types\/post"}],"author":[{"embeddable":true,"href":"https:\/\/linitiative.ca\/International\/wp-json\/wp\/v2\/users\/1743"}],"replies":[{"embeddable":true,"href":"https:\/\/linitiative.ca\/International\/wp-json\/wp\/v2\/comments?post=121383"}],"version-history":[{"count":0,"href":"https:\/\/linitiative.ca\/International\/wp-json\/wp\/v2\/posts\/121383\/revisions"}],"wp:attachment":[{"href":"https:\/\/linitiative.ca\/International\/wp-json\/wp\/v2\/media?parent=121383"}],"wp:term":[{"taxonomy":"category","embeddable":true,"href":"https:\/\/linitiative.ca\/International\/wp-json\/wp\/v2\/categories?post=121383"},{"taxonomy":"post_tag","embeddable":true,"href":"https:\/\/linitiative.ca\/International\/wp-json\/wp\/v2\/tags?post=121383"}],"curies":[{"name":"wp","href":"https:\/\/api.w.org\/{rel}","templated":true}]}}