{"id":121385,"date":"2021-07-14T16:08:38","date_gmt":"2021-07-14T20:08:38","guid":{"rendered":"https:\/\/linitiative.ca\/International\/le-president-tebboune-decrete-des-mesures-de-grace-et-de-clemence\/"},"modified":"2021-07-14T16:08:38","modified_gmt":"2021-07-14T20:08:38","slug":"le-president-tebboune-decrete-des-mesures-de-grace-et-de-clemence","status":"publish","type":"post","link":"https:\/\/linitiative.ca\/International\/le-president-tebboune-decrete-des-mesures-de-grace-et-de-clemence\/","title":{"rendered":"Le Pr\u00e9sident Tebboune d\u00e9cr\u00e8te des mesures de gr\u00e2ce et de cl\u00e9mence"},"content":{"rendered":"<div>\n<div class=\"sriret\"><img decoding=\"async\" src=\"https:\/\/linitiative.ca\/International\/wp-content\/uploads\/sites\/23\/2021\/07\/default-picture-709x366_c-11.jpg\"><\/div>\n<p>Le Pr\u00e9sident de la R\u00e9publique, M. Abdelmadjid Tebboune a d\u00e9cr\u00e9t\u00e9, mercredi 14 juillet, des mesures de gr\u00e2ce en faveur de trente (30) d\u00e9tenus condamn\u00e9s d\u00e9finitivement dans des affaires d\u2019attroupement et de troubles \u00e0 l\u2019ordre public, ainsi que des mesures de cl\u00e9mence compl\u00e9mentaires en faveur de soixante-et-onze (71) jeunes d\u00e9tenus condamn\u00e9s pour les m\u00eames actes, indique un communiqu\u00e9 de la Pr\u00e9sidence de la R\u00e9publique.<\/p>\n<p>\u00ab\u00a0Suite au communiqu\u00e9 rendu public mardi par le minist\u00e8re de la Justice, le Pr\u00e9sident de la R\u00e9publique, Chef supr\u00eame des Forces arm\u00e9es, ministre de la D\u00e9fense nationale, Abdelmadjid Tebboune, a d\u00e9cr\u00e9t\u00e9, mercredi 04 Dou El Hidja 1442 correspondant au 14 juillet 2021, des mesures de gr\u00e2ce en faveur de trente (30) d\u00e9tenus, condamn\u00e9s d\u00e9finitivement dans des affaires d\u2019attroupement, de troubles \u00e0 l\u2019ordre public et d\u2019autres actes y aff\u00e9rents\u00a0\u00bb, lit-on dans le communiqu\u00e9.<\/p>\n<p>\u00ab\u00a0Le pr\u00e9sident de la R\u00e9publique a d\u00e9cr\u00e9t\u00e9 \u00e9galement des mesures de cl\u00e9mence compl\u00e9mentaires en faveur de soixante-et-onze (71) jeunes d\u00e9tenus condamn\u00e9s pour les m\u00eames actes qui seront rel\u00e2ch\u00e9s pour rejoindre leurs familles, d\u00e8s mercredi soir\u00a0\u00bb, a ajout\u00e9 le communiqu\u00e9.<\/p>\n<p>\u00ab\u00a0Ces mesures font suite \u00e0 celles d\u00e9cr\u00e9t\u00e9es \u00e0 l\u2019occasion de la c\u00e9l\u00e9bration du 59e anniversaire de la f\u00eate de l\u2019Ind\u00e9pendance et de la Jeunesse le 05 juillet 2021\u00a0\u00bb, a conclu le communiqu\u00e9 de la Pr\u00e9sidence de la R\u00e9publique.<\/p>\n<p>L\u2019article <a rel=\"nofollow\" href=\"https:\/\/www.elwatan.com\/edition\/actualite\/le-president-tebboune-decrete-des-mesures-de-grace-et-de-clemence-14-07-2021\">Le Pr\u00e9sident Tebboune d\u00e9cr\u00e8te des mesures de gr\u00e2ce et de cl\u00e9mence<\/a> est apparu en premier sur <a rel=\"nofollow\" href=\"https:\/\/www.elwatan.com\/\">El Watan<\/a>.<\/p>\n<\/div>\n<p>Auteur: Mohand Yahiaoui<br \/>\n<a href=\"https:\/\/www.elwatan.com\/edition\/actualite\/le-president-tebboune-decrete-des-mesures-de-grace-et-de-clemence-14-07-2021\">Cliquez ici pour lire l&rsquo;article depuis sa source.<\/a><\/p>\n","protected":false},"excerpt":{"rendered":"<p>Le Pr\u00e9sident de la R\u00e9publique, M. Abdelmadjid Tebboune a d\u00e9cr\u00e9t\u00e9, mercredi 14 juillet, des mesures de gr\u00e2ce en faveur de trente (30) d\u00e9tenus condamn\u00e9s d\u00e9finitivement dans des affaires d\u2019attroupement et de troubles \u00e0 l\u2019ordre public, ainsi que des mesures de cl\u00e9mence compl\u00e9mentaires en faveur de soixante-et-onze (71) jeunes d\u00e9tenus condamn\u00e9s pour les m\u00eames actes, indique [&hellip;]<\/p>\n","protected":false},"author":1743,"featured_media":0,"comment_status":"closed","ping_status":"closed","sticky":false,"template":"","format":"standard","meta":{"fifu_image_url":"https:\/\/www.elwatan.com\/wp-content\/themes\/spectr\/img\/default-picture-709x366_c.jpg","fifu_image_alt":"Le Pr\u00e9sident Tebboune d\u00e9cr\u00e8te des mesures de gr\u00e2ce et de cl\u00e9mence","footnotes":""},"categories":[73,53],"tags":[],"class_list":["post-121385","post","type-post","status-publish","format-standard","hentry","category-actualite","category-algerie"],"_links":{"self":[{"href":"https:\/\/linitiative.ca\/International\/wp-json\/wp\/v2\/posts\/121385","targetHints":{"allow":["GET"]}}],"collection":[{"href":"https:\/\/linitiative.ca\/International\/wp-json\/wp\/v2\/posts"}],"about":[{"href":"https:\/\/linitiative.ca\/International\/wp-json\/wp\/v2\/types\/post"}],"author":[{"embeddable":true,"href":"https:\/\/linitiative.ca\/International\/wp-json\/wp\/v2\/users\/1743"}],"replies":[{"embeddable":true,"href":"https:\/\/linitiative.ca\/International\/wp-json\/wp\/v2\/comments?post=121385"}],"version-history":[{"count":0,"href":"https:\/\/linitiative.ca\/International\/wp-json\/wp\/v2\/posts\/121385\/revisions"}],"wp:attachment":[{"href":"https:\/\/linitiative.ca\/International\/wp-json\/wp\/v2\/media?parent=121385"}],"wp:term":[{"taxonomy":"category","embeddable":true,"href":"https:\/\/linitiative.ca\/International\/wp-json\/wp\/v2\/categories?post=121385"},{"taxonomy":"post_tag","embeddable":true,"href":"https:\/\/linitiative.ca\/International\/wp-json\/wp\/v2\/tags?post=121385"}],"curies":[{"name":"wp","href":"https:\/\/api.w.org\/{rel}","templated":true}]}}