{"id":121389,"date":"2021-07-14T04:52:00","date_gmt":"2021-07-14T08:52:00","guid":{"rendered":"https:\/\/linitiative.ca\/International\/asma-sehiri-laabidi-une-vision-nouvelle-pour-la-mer\/"},"modified":"2021-07-14T04:52:00","modified_gmt":"2021-07-14T08:52:00","slug":"asma-sehiri-laabidi-une-vision-nouvelle-pour-la-mer","status":"publish","type":"post","link":"https:\/\/linitiative.ca\/International\/asma-sehiri-laabidi-une-vision-nouvelle-pour-la-mer\/","title":{"rendered":"Asma Sehiri Laabidi: Une vision nouvelle pour la mer"},"content":{"rendered":"<div><img decoding=\"async\" src=\"https:\/\/linitiative.ca\/International\/wp-content\/uploads\/sites\/23\/2021\/07\/1626251529_article.jpg\" alt=\"Interview - Asma Sehiri Laabidi: Une vision nouvelle\" align=\"left\">Leaders: Vos nouvelles fonctions sont-elles pour vous une haute charge administrative ou une fonction politique?<br \/>\nSommaire<\/p>\n<p>\u2022 Face \u00e0 la mer<br \/>\n\u2022 Interview : Une vision nouvelle<br \/>\n\u2022 Portrait : Asma Sehiri Laabidi : L\u2019Amirale<br \/>\n\u2022 La Tunisie marine<br \/>\n\u2022 Une commission et un secr\u00e9tariat g\u00e9n\u00e9ral<br \/>\n\u2022 La saison bleue<br \/>\nDossier \u00e9tabli par Taoufik Habaieb<br \/>\nPhotos : Mohamed Hammi<\/p>\n<p>S\u2019il s\u2019agit d\u2019une fonction de politique politicienne, \u00e9videmment, c\u2019est non. Elle ne m\u2019aurait pas int\u00e9ress\u00e9e du tout. Plut\u00f4t, une fonction o\u00f9 la dimension de politiques publiques est importante.<br \/>\nAsma Sehiri Laabidi: De quels moyens disposez-vous?<br \/>\nDe tr\u00e8s peu. Pour le moment, nous sommes en &#8230;<\/p>\n<\/div>\n<p>Auteur:<br \/>\n<a href=\"https:\/\/www.leaders.com.tn\/article\/32147-interview-asma-sehiri-laabidi-une-vision-nouvelle\">Cliquez ici pour lire l&rsquo;article depuis sa source.<\/a><\/p>\n","protected":false},"excerpt":{"rendered":"<p>Leaders: Vos nouvelles fonctions sont-elles pour vous une haute charge administrative ou une fonction politique? Sommaire \u2022 Face \u00e0 la mer \u2022 Interview : Une vision nouvelle \u2022 Portrait : Asma Sehiri Laabidi : L\u2019Amirale \u2022 La Tunisie marine \u2022 Une commission et un secr\u00e9tariat g\u00e9n\u00e9ral \u2022 La saison bleue Dossier \u00e9tabli par Taoufik Habaieb [&hellip;]<\/p>\n","protected":false},"author":1772,"featured_media":0,"comment_status":"closed","ping_status":"closed","sticky":false,"template":"","format":"standard","meta":{"fifu_image_url":"http:\/\/www.leaders.com.tn\/uploads\/content\/thumbnails_small\/1626251529_article.jpg","fifu_image_alt":"Asma Sehiri Laabidi: Une vision nouvelle pour la mer","footnotes":""},"categories":[73,55],"tags":[],"class_list":["post-121389","post","type-post","status-publish","format-standard","hentry","category-actualite","category-tunisie"],"_links":{"self":[{"href":"https:\/\/linitiative.ca\/International\/wp-json\/wp\/v2\/posts\/121389","targetHints":{"allow":["GET"]}}],"collection":[{"href":"https:\/\/linitiative.ca\/International\/wp-json\/wp\/v2\/posts"}],"about":[{"href":"https:\/\/linitiative.ca\/International\/wp-json\/wp\/v2\/types\/post"}],"author":[{"embeddable":true,"href":"https:\/\/linitiative.ca\/International\/wp-json\/wp\/v2\/users\/1772"}],"replies":[{"embeddable":true,"href":"https:\/\/linitiative.ca\/International\/wp-json\/wp\/v2\/comments?post=121389"}],"version-history":[{"count":0,"href":"https:\/\/linitiative.ca\/International\/wp-json\/wp\/v2\/posts\/121389\/revisions"}],"wp:attachment":[{"href":"https:\/\/linitiative.ca\/International\/wp-json\/wp\/v2\/media?parent=121389"}],"wp:term":[{"taxonomy":"category","embeddable":true,"href":"https:\/\/linitiative.ca\/International\/wp-json\/wp\/v2\/categories?post=121389"},{"taxonomy":"post_tag","embeddable":true,"href":"https:\/\/linitiative.ca\/International\/wp-json\/wp\/v2\/tags?post=121389"}],"curies":[{"name":"wp","href":"https:\/\/api.w.org\/{rel}","templated":true}]}}