{"id":12139,"date":"2019-02-07T08:49:24","date_gmt":"2019-02-07T13:49:24","guid":{"rendered":"https:\/\/linitiative.ca\/International\/exposition-sur-le-football-et-le-monde-arabe-lequipe-du-fln-et-len-1982-a-lhonneur\/"},"modified":"2019-02-07T08:49:24","modified_gmt":"2019-02-07T13:49:24","slug":"exposition-sur-le-football-et-le-monde-arabe-lequipe-du-fln-et-len-1982-a-lhonneur","status":"publish","type":"post","link":"https:\/\/linitiative.ca\/International\/exposition-sur-le-football-et-le-monde-arabe-lequipe-du-fln-et-len-1982-a-lhonneur\/","title":{"rendered":"Exposition sur le football et le monde arabe : l&rsquo;\u00e9quipe du FLN et l&rsquo;EN 1982 \u00e0 l&rsquo;honneur"},"content":{"rendered":"<div>\n<div class=\"K2FeedImage\"><img decoding=\"async\" src=\"http:\/\/www.aps.dz\/media\/k2\/items\/cache\/e13f1ea26bb100a2bba64a2fc2254040_S.jpg\" alt=\"Exposition sur le football et le monde arabe : l'\u00e9quipe du FLN et l'EN 1982 \u00e0 l'honneur\"><\/div>\n<div class=\"K2FeedIntroText\">\n<p>PARIS &#8211; La glorieuse \u00e9quipe du FLN et la s\u00e9lection alg\u00e9rienne qui a particip\u00e9 \u00e0 la coupe du Monde de 1982 en Espagne seront \u00e0 l&rsquo;honneur \u00e0 l&rsquo;exposition \u00ab\u00a0Le football et le monde arabe\u00a0\u00bb que compte organiser l&rsquo;Institut du monde arabe (IMA) de Paris du 15 avril au 14 juillet, a-t-on appris jeudi des organisateurs.<\/p>\n<\/div>\n<div class=\"K2FeedFullText\">\n<p>En effet, cette exposition portera un regard in\u00e9dit sur l\u2019histoire de 11 moments mythiques qui ont marqu\u00e9 le football arabe, dont alg\u00e9rien, \u00e0 travers des photographies, des conf\u00e9rences, des documentaires et la mise en place d\u2019un terrain de football sur le parvis de l\u2019IMA pour accueillir des mini-tournois.<\/p>\n<p>S\u2019agissant de l&rsquo;Alg\u00e9rie, a expliqu\u00e9 l&rsquo;ambassade d&rsquo;Alg\u00e9rie \u00e0 l&rsquo;APS, hormis le parcours de l&rsquo;\u00e9quipe du FLN qui sera mis en exergue, l&rsquo;EN 82 occupera une place importante dans l&rsquo;exposition en raison de sa contribution \u00e0 faire \u00e9voluer le r\u00e8glement de cette discipline suite au fameux match combin\u00e9 entre l&rsquo;Allemagne et l&rsquo;Autriche pour faire barrage \u00e0 l&rsquo;Alg\u00e9rie afin qu&rsquo;elle ne soit pas qualifi\u00e9e au second tour.<\/p>\n<p>Selon l&rsquo;ambassade, un hommage devrait \u00eatre, \u00e9galement, rendu aux figures embl\u00e9matiques\u00a0 alg\u00e9riennes anciennes et contemporaines du football, dont la liste n&rsquo;a pas \u00e9t\u00e9 encore finalis\u00e9e.<\/p>\n<hr>\n<p><em><strong>Lire aussi:\u00a0<\/strong><\/em><a href=\"http:\/\/www.aps.dz\/sport\/85153-classement-fifa-l-algerie-perd-deux-places-et-pointe-a-la-69e-position\">Classement FIFA : l&rsquo;Alg\u00e9rie perd deux places et pointe \u00e0 la 69e position<\/a><\/p>\n<hr>\n<p>A la demande de l\u2019ambassadeur d\u2019Alg\u00e9rie en France, Abdelkader Mesdoua, a-t-on ajout\u00e9, il a \u00e9t\u00e9 convenu que cette exposition soit organis\u00e9e dans d\u2019autres villes fran\u00e7aises, notamment dans les banlieues parisiennes, pour permettre \u00e0 un large public de la d\u00e9couvrir, les membres de la communaut\u00e9 alg\u00e9rienne en premier.<\/p>\n<p>Quelle est la place du football dans les soci\u00e9t\u00e9s arabes ? Quel r\u00f4le jouent les pays du monde arabe au sein de la plan\u00e8te football ? Qui sont les grands acteurs de ce sport ? Ce sont ces questions auxquelles l&rsquo;exposition tentera d&rsquo;apporter des r\u00e9ponses.<\/p>\n<p>\u00ab\u00a0Tr\u00e8s ancr\u00e9 dans la vie quotidienne de la population, le football propose par son histoire une cl\u00e9 de compr\u00e9hension des enjeux politiques et sociaux qui structurent le monde arabe depuis le d\u00e9but du XXe si\u00e8cle\u00a0\u00bb, a expliqu\u00e9 pour sa part l&rsquo;IMA qui pr\u00e9cise que l\u2019exposition sera illustr\u00e9e d\u2019objets iconiques mais aussi inattendus : des photographies, des extraits d\u2019archives et de documentaires et des oeuvres contemporaines.\u00a0\u00a0<\/p>\n<p>\u00ab\u00a0Dans l\u2019ambiance de la coupe d\u2019Afrique des nations (en Egypte) ainsi que de la coupe du Monde f\u00e9minine (en France) qui se tiendront au m\u00eame moment, cette exposition sera rythm\u00e9e par l\u2019\u00e9motion, nous faisant vivre ou revivre les grands moments du football arabe\u00a0\u00bb, a-t-on ajout\u00e9.<\/p>\n<\/div>\n<p><img loading=\"lazy\" decoding=\"async\" src=\"http:\/\/feeds.feedburner.com\/~r\/aps-sport\/~4\/pdYbfEi6U_M\" height=\"1\" width=\"1\" alt=\"\"><\/div>\n","protected":false},"excerpt":{"rendered":"<p>PARIS &#8211; La glorieuse \u00e9quipe du FLN et la s\u00e9lection alg\u00e9rienne qui a particip\u00e9 \u00e0 la coupe du Monde de 1982 en Espagne seront \u00e0 l&rsquo;honneur \u00e0 l&rsquo;exposition \u00ab\u00a0Le football et le monde arabe\u00a0\u00bb que compte organiser l&rsquo;Institut du monde arabe (IMA) de Paris du 15 avril au 14 juillet, a-t-on appris jeudi des organisateurs. [&hellip;]<\/p>\n","protected":false},"author":1790,"featured_media":12140,"comment_status":"closed","ping_status":"closed","sticky":false,"template":"","format":"standard","meta":{"fifu_image_url":"","fifu_image_alt":"","footnotes":""},"categories":[53,75],"tags":[],"class_list":["post-12139","post","type-post","status-publish","format-standard","has-post-thumbnail","hentry","category-algerie","category-sport"],"_links":{"self":[{"href":"https:\/\/linitiative.ca\/International\/wp-json\/wp\/v2\/posts\/12139","targetHints":{"allow":["GET"]}}],"collection":[{"href":"https:\/\/linitiative.ca\/International\/wp-json\/wp\/v2\/posts"}],"about":[{"href":"https:\/\/linitiative.ca\/International\/wp-json\/wp\/v2\/types\/post"}],"author":[{"embeddable":true,"href":"https:\/\/linitiative.ca\/International\/wp-json\/wp\/v2\/users\/1790"}],"replies":[{"embeddable":true,"href":"https:\/\/linitiative.ca\/International\/wp-json\/wp\/v2\/comments?post=12139"}],"version-history":[{"count":0,"href":"https:\/\/linitiative.ca\/International\/wp-json\/wp\/v2\/posts\/12139\/revisions"}],"wp:featuredmedia":[{"embeddable":true,"href":"https:\/\/linitiative.ca\/International\/wp-json\/"}],"wp:attachment":[{"href":"https:\/\/linitiative.ca\/International\/wp-json\/wp\/v2\/media?parent=12139"}],"wp:term":[{"taxonomy":"category","embeddable":true,"href":"https:\/\/linitiative.ca\/International\/wp-json\/wp\/v2\/categories?post=12139"},{"taxonomy":"post_tag","embeddable":true,"href":"https:\/\/linitiative.ca\/International\/wp-json\/wp\/v2\/tags?post=12139"}],"curies":[{"name":"wp","href":"https:\/\/api.w.org\/{rel}","templated":true}]}}