{"id":121391,"date":"2021-07-14T08:52:00","date_gmt":"2021-07-14T12:52:00","guid":{"rendered":"https:\/\/linitiative.ca\/International\/la-police-de-la-contrainte-la-doctrine-destabilisee-a-besoin-dun-projet-stabilisateur\/"},"modified":"2021-07-14T08:52:00","modified_gmt":"2021-07-14T12:52:00","slug":"la-police-de-la-contrainte-la-doctrine-destabilisee-a-besoin-dun-projet-stabilisateur","status":"publish","type":"post","link":"https:\/\/linitiative.ca\/International\/la-police-de-la-contrainte-la-doctrine-destabilisee-a-besoin-dun-projet-stabilisateur\/","title":{"rendered":"La Police de la Contrainte: La Doctrine d\u00e9stabilis\u00e9e a besoin d\u2019un projet stabilisateur!"},"content":{"rendered":"<div><img decoding=\"async\" src=\"https:\/\/linitiative.ca\/International\/wp-content\/uploads\/sites\/23\/2021\/07\/1626273321_article.jpg\" alt=\"La Police de la Contrainte: La Doctrine d\u00e9stabilis\u00e9e \u00e0 besoin d\u2019un projet stabilisateur!\" align=\"left\">Par Bouraoui Ouni &#8211; L&rsquo;intervention ainsi que le rendement de l&rsquo;appareil s\u00e9curitaire en Tunisie (souvent r\u00e9duite au corps de la Police), ont \u00e9t\u00e9 -et le seront toujours- probl\u00e9matiques malgr\u00e9 la es changements substantiels subis par l\u2019institution s\u00e9curitaire depuis l\u2019av\u00e8nement de la r\u00e9volution de 2011. Il s\u2019agit pour l\u2019essentiel et \u00e0 titre indicatif, des niveaux probl\u00e9matiques et conflictuels li\u00e9s \u00e0 la validation et le mandat politique de la s\u00e9curit\u00e9 et de son intervention s\u00e9curitaire dans le contexte de la transition d\u00e9mocratique, l\u2019instrumentalisation politique de l\u2019appareil s\u00e9curitaire et le biais de la neutralit\u00e9,\u00a0 le \u201cprojet politique\u201d de la s\u00e9curit\u00e9 &#8230;<\/p>\n<\/div>\n<p>Auteur:<br \/>\n<a href=\"https:\/\/www.leaders.com.tn\/article\/32149-la-police-de-la-contrainte-la-doctrine-destabilisee-a-besoin-d-un-projet-stabilisateur\">Cliquez ici pour lire l&rsquo;article depuis sa source.<\/a><\/p>\n","protected":false},"excerpt":{"rendered":"<p>Par Bouraoui Ouni &#8211; L&rsquo;intervention ainsi que le rendement de l&rsquo;appareil s\u00e9curitaire en Tunisie (souvent r\u00e9duite au corps de la Police), ont \u00e9t\u00e9 -et le seront toujours- probl\u00e9matiques malgr\u00e9 la es changements substantiels subis par l\u2019institution s\u00e9curitaire depuis l\u2019av\u00e8nement de la r\u00e9volution de 2011. Il s\u2019agit pour l\u2019essentiel et \u00e0 titre indicatif, des niveaux probl\u00e9matiques [&hellip;]<\/p>\n","protected":false},"author":1772,"featured_media":0,"comment_status":"closed","ping_status":"closed","sticky":false,"template":"","format":"standard","meta":{"fifu_image_url":"http:\/\/www.leaders.com.tn\/uploads\/content\/thumbnails_small\/1626273321_article.jpg","fifu_image_alt":"La Police de la Contrainte: La Doctrine d\u00e9stabilis\u00e9e a besoin d\u2019un projet stabilisateur!","footnotes":""},"categories":[73,55],"tags":[],"class_list":["post-121391","post","type-post","status-publish","format-standard","hentry","category-actualite","category-tunisie"],"_links":{"self":[{"href":"https:\/\/linitiative.ca\/International\/wp-json\/wp\/v2\/posts\/121391","targetHints":{"allow":["GET"]}}],"collection":[{"href":"https:\/\/linitiative.ca\/International\/wp-json\/wp\/v2\/posts"}],"about":[{"href":"https:\/\/linitiative.ca\/International\/wp-json\/wp\/v2\/types\/post"}],"author":[{"embeddable":true,"href":"https:\/\/linitiative.ca\/International\/wp-json\/wp\/v2\/users\/1772"}],"replies":[{"embeddable":true,"href":"https:\/\/linitiative.ca\/International\/wp-json\/wp\/v2\/comments?post=121391"}],"version-history":[{"count":0,"href":"https:\/\/linitiative.ca\/International\/wp-json\/wp\/v2\/posts\/121391\/revisions"}],"wp:attachment":[{"href":"https:\/\/linitiative.ca\/International\/wp-json\/wp\/v2\/media?parent=121391"}],"wp:term":[{"taxonomy":"category","embeddable":true,"href":"https:\/\/linitiative.ca\/International\/wp-json\/wp\/v2\/categories?post=121391"},{"taxonomy":"post_tag","embeddable":true,"href":"https:\/\/linitiative.ca\/International\/wp-json\/wp\/v2\/tags?post=121391"}],"curies":[{"name":"wp","href":"https:\/\/api.w.org\/{rel}","templated":true}]}}