{"id":121393,"date":"2021-07-14T11:05:00","date_gmt":"2021-07-14T15:05:00","guid":{"rendered":"https:\/\/linitiative.ca\/International\/mme-dhouha-sellaoui-ep-ben-ghorbel-decoree-des-insignes-de-chevalier-dans-lordre-des-palmes-academiques-francaises\/"},"modified":"2021-07-14T11:05:00","modified_gmt":"2021-07-14T15:05:00","slug":"mme-dhouha-sellaoui-ep-ben-ghorbel-decoree-des-insignes-de-chevalier-dans-lordre-des-palmes-academiques-francaises","status":"publish","type":"post","link":"https:\/\/linitiative.ca\/International\/mme-dhouha-sellaoui-ep-ben-ghorbel-decoree-des-insignes-de-chevalier-dans-lordre-des-palmes-academiques-francaises\/","title":{"rendered":"Mme Dhouha Sellaoui ep. Ben Ghorbel d\u00e9cor\u00e9e des insignes de Chevalier dans l\u2019Ordre des Palmes acad\u00e9miques fran\u00e7aises"},"content":{"rendered":"<div><img decoding=\"async\" src=\"https:\/\/linitiative.ca\/International\/wp-content\/uploads\/sites\/23\/2021\/07\/1626271932_article.jpg\" alt=\"Mme Dhouha Sellaoui ep. Ben Ghorbel d\u00e9cor\u00e9e des insignes de Chevalier dans l\u2019Ordre des Palmes acad\u00e9miques fran\u00e7aises\" align=\"left\">En reconnaissance de son \u0153uvre accomplie au service du d\u00e9veloppement de l\u2019enseignement fran\u00e7ais en Tunisie, Mme Dhouha Sellaoui ep. Ben Ghorbel, pr\u00e9sident-directeur g\u00e9n\u00e9ral du Groupe scolaire Ren\u00e9 Descartes (GSRD), et au nom du Premier ministre fran\u00e7ais, s\u2019est vu remettre les insignes de Chevalier dans l\u2019Ordre des Palmes acad\u00e9miques fran\u00e7aises des mains de son Excellence, M. Andr\u00e9 Parant, ambassadeur de France en Tunisie, au cours d\u2019une c\u00e9r\u00e9monie qui s\u2019est d\u00e9roul\u00e9e \u00e0 Tunis le 8 juillet 2021.<\/p>\n<p>Ces insignes lui ont \u00e9t\u00e9 d\u00e9cern\u00e9s pour \u00ab sa contribution active \u00e0 l\u2019expansion de la culture fran\u00e7aise \u00bb \u00e0 travers le groupe scolaire qu\u2019elle pr\u00e9side, leader &#8230;<\/p>\n<\/div>\n<p>Auteur:<br \/>\n<a href=\"https:\/\/www.leaders.com.tn\/article\/32150-mme-dhouha-sellaoui-ep-ben-ghorbel-decoree-des-insignes-de-chevalier-dans-l-ordre-des-palmes-academiques-francaises\">Cliquez ici pour lire l&rsquo;article depuis sa source.<\/a><\/p>\n","protected":false},"excerpt":{"rendered":"<p>En reconnaissance de son \u0153uvre accomplie au service du d\u00e9veloppement de l\u2019enseignement fran\u00e7ais en Tunisie, Mme Dhouha Sellaoui ep. Ben Ghorbel, pr\u00e9sident-directeur g\u00e9n\u00e9ral du Groupe scolaire Ren\u00e9 Descartes (GSRD), et au nom du Premier ministre fran\u00e7ais, s\u2019est vu remettre les insignes de Chevalier dans l\u2019Ordre des Palmes acad\u00e9miques fran\u00e7aises des mains de son Excellence, M. [&hellip;]<\/p>\n","protected":false},"author":1772,"featured_media":0,"comment_status":"closed","ping_status":"closed","sticky":false,"template":"","format":"standard","meta":{"fifu_image_url":"http:\/\/www.leaders.com.tn\/uploads\/content\/thumbnails_small\/1626271932_article.jpg","fifu_image_alt":"Mme Dhouha Sellaoui ep. Ben Ghorbel d\u00e9cor\u00e9e des insignes de Chevalier dans l\u2019Ordre des Palmes acad\u00e9miques fran\u00e7aises","footnotes":""},"categories":[73,55],"tags":[],"class_list":["post-121393","post","type-post","status-publish","format-standard","hentry","category-actualite","category-tunisie"],"_links":{"self":[{"href":"https:\/\/linitiative.ca\/International\/wp-json\/wp\/v2\/posts\/121393","targetHints":{"allow":["GET"]}}],"collection":[{"href":"https:\/\/linitiative.ca\/International\/wp-json\/wp\/v2\/posts"}],"about":[{"href":"https:\/\/linitiative.ca\/International\/wp-json\/wp\/v2\/types\/post"}],"author":[{"embeddable":true,"href":"https:\/\/linitiative.ca\/International\/wp-json\/wp\/v2\/users\/1772"}],"replies":[{"embeddable":true,"href":"https:\/\/linitiative.ca\/International\/wp-json\/wp\/v2\/comments?post=121393"}],"version-history":[{"count":0,"href":"https:\/\/linitiative.ca\/International\/wp-json\/wp\/v2\/posts\/121393\/revisions"}],"wp:attachment":[{"href":"https:\/\/linitiative.ca\/International\/wp-json\/wp\/v2\/media?parent=121393"}],"wp:term":[{"taxonomy":"category","embeddable":true,"href":"https:\/\/linitiative.ca\/International\/wp-json\/wp\/v2\/categories?post=121393"},{"taxonomy":"post_tag","embeddable":true,"href":"https:\/\/linitiative.ca\/International\/wp-json\/wp\/v2\/tags?post=121393"}],"curies":[{"name":"wp","href":"https:\/\/api.w.org\/{rel}","templated":true}]}}