{"id":121400,"date":"2021-07-14T08:30:07","date_gmt":"2021-07-14T12:30:07","guid":{"rendered":"https:\/\/linitiative.ca\/International\/france-les-tests-pcr-et-antigeniques-resteront-gratuits-pour-les-francais-de-letranger\/"},"modified":"2021-07-14T08:30:07","modified_gmt":"2021-07-14T12:30:07","slug":"france-les-tests-pcr-et-antigeniques-resteront-gratuits-pour-les-francais-de-letranger","status":"publish","type":"post","link":"https:\/\/linitiative.ca\/International\/france-les-tests-pcr-et-antigeniques-resteront-gratuits-pour-les-francais-de-letranger\/","title":{"rendered":"France. Les tests PCR et antig\u00e9niques resteront gratuits pour les Fran\u00e7ais de l\u2019\u00e9tranger"},"content":{"rendered":"<div><img decoding=\"async\" width=\"800\" height=\"533\" src=\"https:\/\/linitiative.ca\/International\/wp-content\/uploads\/sites\/23\/2021\/07\/Jean-Baptiste-Lemoyne.jpg\" class=\"attachment-post-thumbnail size-post-thumbnail wp-post-image\" alt=\"\" loading=\"lazy\" srcset=\"https:\/\/linitiative.ca\/International\/wp-content\/uploads\/sites\/23\/2021\/07\/Jean-Baptiste-Lemoyne.jpg 800w, https:\/\/www.challenge.ma\/wp-content\/uploads\/2021\/07\/Jean-Baptiste-Lemoyne-300x200.jpg 300w, https:\/\/www.challenge.ma\/wp-content\/uploads\/2021\/07\/Jean-Baptiste-Lemoyne-768x512.jpg 768w, https:\/\/www.challenge.ma\/wp-content\/uploads\/2021\/07\/Jean-Baptiste-Lemoyne-360x240.jpg 360w, https:\/\/www.challenge.ma\/wp-content\/uploads\/2021\/07\/Jean-Baptiste-Lemoyne-750x500.jpg 750w\" sizes=\"auto, (max-width: 800px) 100vw, 800px\" itemprop=\"image\">Le secr\u00e9taire d\u2019\u00c9tat charg\u00e9 des Fran\u00e7ais de l\u2019\u00c9tranger et de la Francophonie, Jean-Baptiste Lemoyne a adress\u00e9 aux conseillers des Fran\u00e7ais de l\u2019\u00e9tranger une lettre o\u00f9 il explique que les tests PCR et antig\u00e9niques resteront gratuits pour les Fran\u00e7ais de l\u2019\u00e9tranger de passage, alors qu\u2019ils sont payants pour les non-r\u00e9sidents non<\/div>\n<p>Auteur: challenge<br \/>\n<a href=\"https:\/\/www.challenge.ma\/france-les-tests-pcr-et-antigeniques-resteront-gratuits-pour-les-francais-de-letranger-192608\/\">Cliquez ici pour lire l&rsquo;article depuis sa source.<\/a><\/p>\n","protected":false},"excerpt":{"rendered":"<p>Le secr\u00e9taire d\u2019\u00c9tat charg\u00e9 des Fran\u00e7ais de l\u2019\u00c9tranger et de la Francophonie, Jean-Baptiste Lemoyne a adress\u00e9 aux conseillers des Fran\u00e7ais de l\u2019\u00e9tranger une lettre o\u00f9 il explique que les tests PCR et antig\u00e9niques resteront gratuits pour les Fran\u00e7ais de l\u2019\u00e9tranger de passage, alors qu\u2019ils sont payants pour les non-r\u00e9sidents non Auteur: challenge Cliquez ici pour [&hellip;]<\/p>\n","protected":false},"author":1787,"featured_media":0,"comment_status":"closed","ping_status":"closed","sticky":false,"template":"","format":"standard","meta":{"fifu_image_url":"https:\/\/www.challenge.ma\/wp-content\/uploads\/2021\/07\/Jean-Baptiste-Lemoyne.jpg","fifu_image_alt":"France. Les tests PCR et antig\u00e9niques resteront gratuits pour les Fran\u00e7ais de l\u2019\u00e9tranger","footnotes":""},"categories":[78,54],"tags":[],"class_list":["post-121400","post","type-post","status-publish","format-standard","hentry","category-economie","category-maroc"],"_links":{"self":[{"href":"https:\/\/linitiative.ca\/International\/wp-json\/wp\/v2\/posts\/121400","targetHints":{"allow":["GET"]}}],"collection":[{"href":"https:\/\/linitiative.ca\/International\/wp-json\/wp\/v2\/posts"}],"about":[{"href":"https:\/\/linitiative.ca\/International\/wp-json\/wp\/v2\/types\/post"}],"author":[{"embeddable":true,"href":"https:\/\/linitiative.ca\/International\/wp-json\/wp\/v2\/users\/1787"}],"replies":[{"embeddable":true,"href":"https:\/\/linitiative.ca\/International\/wp-json\/wp\/v2\/comments?post=121400"}],"version-history":[{"count":0,"href":"https:\/\/linitiative.ca\/International\/wp-json\/wp\/v2\/posts\/121400\/revisions"}],"wp:attachment":[{"href":"https:\/\/linitiative.ca\/International\/wp-json\/wp\/v2\/media?parent=121400"}],"wp:term":[{"taxonomy":"category","embeddable":true,"href":"https:\/\/linitiative.ca\/International\/wp-json\/wp\/v2\/categories?post=121400"},{"taxonomy":"post_tag","embeddable":true,"href":"https:\/\/linitiative.ca\/International\/wp-json\/wp\/v2\/tags?post=121400"}],"curies":[{"name":"wp","href":"https:\/\/api.w.org\/{rel}","templated":true}]}}