{"id":121408,"date":"2021-07-14T13:13:13","date_gmt":"2021-07-14T17:13:13","guid":{"rendered":"https:\/\/linitiative.ca\/International\/vehicules-utilitaires-africa-motors-lance-un-camion-de-la-marque-foton\/"},"modified":"2021-07-14T13:13:13","modified_gmt":"2021-07-14T17:13:13","slug":"vehicules-utilitaires-africa-motors-lance-un-camion-de-la-marque-foton","status":"publish","type":"post","link":"https:\/\/linitiative.ca\/International\/vehicules-utilitaires-africa-motors-lance-un-camion-de-la-marque-foton\/","title":{"rendered":"V\u00e9hicules utilitaires. Africa Motors lance un camion de la marque Foton"},"content":{"rendered":"<div><img decoding=\"async\" width=\"480\" height=\"308\" src=\"https:\/\/linitiative.ca\/International\/wp-content\/uploads\/sites\/23\/2021\/07\/Camion-Foton-.jpg\" class=\"attachment-post-thumbnail size-post-thumbnail wp-post-image\" alt=\"\" loading=\"lazy\" srcset=\"https:\/\/linitiative.ca\/International\/wp-content\/uploads\/sites\/23\/2021\/07\/Camion-Foton-.jpg 480w, https:\/\/www.challenge.ma\/wp-content\/uploads\/2021\/07\/Camion-Foton--300x193.jpg 300w, https:\/\/www.challenge.ma\/wp-content\/uploads\/2021\/07\/Camion-Foton--360x231.jpg 360w\" sizes=\"auto, (max-width: 480px) 100vw, 480px\" itemprop=\"image\">Africa Motors est \u00e0 nouveau sous le feu des projecteurs. La filiale automobile du Groupe Auto Hall amorce la commercialisation d\u2019un camion \u00e0 vocation utilitaire de la marque chinoise Foton. Ce dernier qui a pour nom le Foton TM vient \u00e9toffer la palette de v\u00e9hicules utilitaires de la filiale automobile<\/div>\n<p>Auteur: David J\u00e9r\u00e9mie<br \/>\n<a href=\"https:\/\/www.challenge.ma\/vehicules-utilitaires-africa-motors-lance-un-camion-de-la-marque-foton-192649\/\">Cliquez ici pour lire l&rsquo;article depuis sa source.<\/a><\/p>\n","protected":false},"excerpt":{"rendered":"<p>Africa Motors est \u00e0 nouveau sous le feu des projecteurs. La filiale automobile du Groupe Auto Hall amorce la commercialisation d\u2019un camion \u00e0 vocation utilitaire de la marque chinoise Foton. Ce dernier qui a pour nom le Foton TM vient \u00e9toffer la palette de v\u00e9hicules utilitaires de la filiale automobile Auteur: David J\u00e9r\u00e9mie Cliquez ici [&hellip;]<\/p>\n","protected":false},"author":1787,"featured_media":0,"comment_status":"closed","ping_status":"closed","sticky":false,"template":"","format":"standard","meta":{"fifu_image_url":"https:\/\/www.challenge.ma\/wp-content\/uploads\/2021\/07\/Camion-Foton-.jpg","fifu_image_alt":"V\u00e9hicules utilitaires. Africa Motors lance un camion de la marque Foton","footnotes":""},"categories":[78,54],"tags":[],"class_list":["post-121408","post","type-post","status-publish","format-standard","hentry","category-economie","category-maroc"],"_links":{"self":[{"href":"https:\/\/linitiative.ca\/International\/wp-json\/wp\/v2\/posts\/121408","targetHints":{"allow":["GET"]}}],"collection":[{"href":"https:\/\/linitiative.ca\/International\/wp-json\/wp\/v2\/posts"}],"about":[{"href":"https:\/\/linitiative.ca\/International\/wp-json\/wp\/v2\/types\/post"}],"author":[{"embeddable":true,"href":"https:\/\/linitiative.ca\/International\/wp-json\/wp\/v2\/users\/1787"}],"replies":[{"embeddable":true,"href":"https:\/\/linitiative.ca\/International\/wp-json\/wp\/v2\/comments?post=121408"}],"version-history":[{"count":0,"href":"https:\/\/linitiative.ca\/International\/wp-json\/wp\/v2\/posts\/121408\/revisions"}],"wp:attachment":[{"href":"https:\/\/linitiative.ca\/International\/wp-json\/wp\/v2\/media?parent=121408"}],"wp:term":[{"taxonomy":"category","embeddable":true,"href":"https:\/\/linitiative.ca\/International\/wp-json\/wp\/v2\/categories?post=121408"},{"taxonomy":"post_tag","embeddable":true,"href":"https:\/\/linitiative.ca\/International\/wp-json\/wp\/v2\/tags?post=121408"}],"curies":[{"name":"wp","href":"https:\/\/api.w.org\/{rel}","templated":true}]}}