{"id":12141,"date":"2019-02-07T08:59:55","date_gmt":"2019-02-07T13:59:55","guid":{"rendered":"https:\/\/linitiative.ca\/International\/nabil-neghiz-nouvel-entraineur-de-les-setif\/"},"modified":"2019-02-07T08:59:55","modified_gmt":"2019-02-07T13:59:55","slug":"nabil-neghiz-nouvel-entraineur-de-les-setif","status":"publish","type":"post","link":"https:\/\/linitiative.ca\/International\/nabil-neghiz-nouvel-entraineur-de-les-setif\/","title":{"rendered":"Nabil Neghiz nouvel entra\u00eeneur de l&rsquo;ES S\u00e9tif"},"content":{"rendered":"<div>\n<div class=\"K2FeedImage\"><img decoding=\"async\" src=\"http:\/\/www.aps.dz\/media\/k2\/items\/cache\/d7771773d23f883696ead86fa913b9c5_S.jpg\" alt=\"Nabil Neghiz nouvel entra\u00eeneur de l'ES S\u00e9tif\"><\/div>\n<div class=\"K2FeedIntroText\">\n<p>ALGER &#8211; Nabil Neghiz a \u00e9t\u00e9 nomm\u00e9 \u00e0 la t\u00eate de la barre technique de l&rsquo;ES S\u00e9tif (Ligue 1 de football) pour une dur\u00e9e de 15 mois, en remplacement de Noureddine Zekri, d\u00e9missionnaire, a annonc\u00e9 jeudi le club des Hauts Plateaux sur sa page Facebook.<\/p>\n<\/div>\n<div class=\"K2FeedFullText\">\n<p>L&rsquo;ex-entraineur de la JS Saoura et du NA Hussein-Dey sera assist\u00e9 dans ses fonctions par Bedrredine Felahi, en attendant la finalisation des discutions avec l&rsquo;ex-pr\u00e9parateur physique du MC Alger, Fares Belkheir, souligne la m\u00eame source.<\/p>\n<p>L&rsquo;ES S\u00e9tif avait enregistr\u00e9 mardi la d\u00e9mission de son entra\u00eeneur Noureddine Zekri, deux mois et demi seulement apr\u00e8s son arriv\u00e9e en remplacement du Marocain Rachid Taoussi.<\/p>\n<p>Le nouvel entraineur de l&rsquo;ESS aura du pain sur la planche pour remobiliser ses troupes et aller jusqu&rsquo;au bout en Coupe d&rsquo;Alg\u00e9rie, seul objectif restant pour les S\u00e9tifiens.<\/p>\n<\/div>\n<p><img loading=\"lazy\" decoding=\"async\" src=\"http:\/\/feeds.feedburner.com\/~r\/aps-sport\/~4\/X3Mti7npTEA\" height=\"1\" width=\"1\" alt=\"\"><\/div>\n","protected":false},"excerpt":{"rendered":"<p>ALGER &#8211; Nabil Neghiz a \u00e9t\u00e9 nomm\u00e9 \u00e0 la t\u00eate de la barre technique de l&rsquo;ES S\u00e9tif (Ligue 1 de football) pour une dur\u00e9e de 15 mois, en remplacement de Noureddine Zekri, d\u00e9missionnaire, a annonc\u00e9 jeudi le club des Hauts Plateaux sur sa page Facebook. L&rsquo;ex-entraineur de la JS Saoura et du NA Hussein-Dey sera [&hellip;]<\/p>\n","protected":false},"author":1790,"featured_media":12142,"comment_status":"closed","ping_status":"closed","sticky":false,"template":"","format":"standard","meta":{"fifu_image_url":"","fifu_image_alt":"","footnotes":""},"categories":[53,75],"tags":[],"class_list":["post-12141","post","type-post","status-publish","format-standard","has-post-thumbnail","hentry","category-algerie","category-sport"],"_links":{"self":[{"href":"https:\/\/linitiative.ca\/International\/wp-json\/wp\/v2\/posts\/12141","targetHints":{"allow":["GET"]}}],"collection":[{"href":"https:\/\/linitiative.ca\/International\/wp-json\/wp\/v2\/posts"}],"about":[{"href":"https:\/\/linitiative.ca\/International\/wp-json\/wp\/v2\/types\/post"}],"author":[{"embeddable":true,"href":"https:\/\/linitiative.ca\/International\/wp-json\/wp\/v2\/users\/1790"}],"replies":[{"embeddable":true,"href":"https:\/\/linitiative.ca\/International\/wp-json\/wp\/v2\/comments?post=12141"}],"version-history":[{"count":0,"href":"https:\/\/linitiative.ca\/International\/wp-json\/wp\/v2\/posts\/12141\/revisions"}],"wp:featuredmedia":[{"embeddable":true,"href":"https:\/\/linitiative.ca\/International\/wp-json\/"}],"wp:attachment":[{"href":"https:\/\/linitiative.ca\/International\/wp-json\/wp\/v2\/media?parent=12141"}],"wp:term":[{"taxonomy":"category","embeddable":true,"href":"https:\/\/linitiative.ca\/International\/wp-json\/wp\/v2\/categories?post=12141"},{"taxonomy":"post_tag","embeddable":true,"href":"https:\/\/linitiative.ca\/International\/wp-json\/wp\/v2\/tags?post=12141"}],"curies":[{"name":"wp","href":"https:\/\/api.w.org\/{rel}","templated":true}]}}