{"id":121413,"date":"2021-07-14T16:48:46","date_gmt":"2021-07-14T20:48:46","guid":{"rendered":"https:\/\/linitiative.ca\/International\/blague-du-jour-le-ministere-de-la-sante-revele-quil-ny-a-pas-de-cadre-medical-pour-les-hopitaux-de-campagne-americains\/"},"modified":"2021-07-14T16:48:46","modified_gmt":"2021-07-14T20:48:46","slug":"blague-du-jour-le-ministere-de-la-sante-revele-quil-ny-a-pas-de-cadre-medical-pour-les-hopitaux-de-campagne-americains","status":"publish","type":"post","link":"https:\/\/linitiative.ca\/International\/blague-du-jour-le-ministere-de-la-sante-revele-quil-ny-a-pas-de-cadre-medical-pour-les-hopitaux-de-campagne-americains\/","title":{"rendered":"Blague du jour : Le minist\u00e8re de la sant\u00e9 \u00ab r\u00e9v\u00e8le \u00bb qu\u2019il n\u2019y a pas de cadre m\u00e9dical pour les h\u00f4pitaux de campagne am\u00e9ricains"},"content":{"rendered":"<div>\n<p>Le ministre de sant\u00e9, Faouzi Mehdi a d\u00e9clar\u00e9 aujourd\u2019hui mercredi 14 juillet 2021 au palais du Bardo, \u00e0 l\u2019occasion de l\u2019examen, d\u2019un projet de loi portant cr\u00e9ation d\u2019une Agence Africaine pour les M\u00e9dicaments, que les h\u00f4pitaux de campagne objet de dons des Etats-Unis d\u2019Am\u00e9rique pour aider la Tunisie \u00e0 lutter contre la pand\u00e9mie du Covid [\u2026]<\/p>\n<p>L\u2019article <a href=\"https:\/\/www.tunisienumerique.com\/blague-du-jour-le-ministere-de-la-sante-revele-quil-ny-a-pas-de-cadre-medical-pour-les-hopitaux-de-campagne-americains\/\">Blague du jour : Le minist\u00e8re de la sant\u00e9 \u00ab r\u00e9v\u00e8le \u00bb qu\u2019il n\u2019y a pas de cadre m\u00e9dical pour les h\u00f4pitaux de campagne am\u00e9ricains<\/a> est apparu en premier sur <a href=\"https:\/\/www.tunisienumerique.com\/\">Tunisie<\/a>.<\/p>\n<\/div>\n<p>Auteur: Mohamed Ben Abderrazek<br \/>\n<a href=\"https:\/\/www.tunisienumerique.com\/blague-du-jour-le-ministere-de-la-sante-revele-quil-ny-a-pas-de-cadre-medical-pour-les-hopitaux-de-campagne-americains\/\">Cliquez ici pour lire l&rsquo;article depuis sa source.<\/a><\/p>\n","protected":false},"excerpt":{"rendered":"<p>Le ministre de sant\u00e9, Faouzi Mehdi a d\u00e9clar\u00e9 aujourd\u2019hui mercredi 14 juillet 2021 au palais du Bardo, \u00e0 l\u2019occasion de l\u2019examen, d\u2019un projet de loi portant cr\u00e9ation d\u2019une Agence Africaine pour les M\u00e9dicaments, que les h\u00f4pitaux de campagne objet de dons des Etats-Unis d\u2019Am\u00e9rique pour aider la Tunisie \u00e0 lutter contre la pand\u00e9mie du Covid [&hellip;]<\/p>\n","protected":false},"author":1789,"featured_media":0,"comment_status":"closed","ping_status":"closed","sticky":false,"template":"","format":"standard","meta":{"fifu_image_url":"","fifu_image_alt":"","footnotes":""},"categories":[73,55],"tags":[],"class_list":["post-121413","post","type-post","status-publish","format-standard","hentry","category-actualite","category-tunisie"],"_links":{"self":[{"href":"https:\/\/linitiative.ca\/International\/wp-json\/wp\/v2\/posts\/121413","targetHints":{"allow":["GET"]}}],"collection":[{"href":"https:\/\/linitiative.ca\/International\/wp-json\/wp\/v2\/posts"}],"about":[{"href":"https:\/\/linitiative.ca\/International\/wp-json\/wp\/v2\/types\/post"}],"author":[{"embeddable":true,"href":"https:\/\/linitiative.ca\/International\/wp-json\/wp\/v2\/users\/1789"}],"replies":[{"embeddable":true,"href":"https:\/\/linitiative.ca\/International\/wp-json\/wp\/v2\/comments?post=121413"}],"version-history":[{"count":0,"href":"https:\/\/linitiative.ca\/International\/wp-json\/wp\/v2\/posts\/121413\/revisions"}],"wp:attachment":[{"href":"https:\/\/linitiative.ca\/International\/wp-json\/wp\/v2\/media?parent=121413"}],"wp:term":[{"taxonomy":"category","embeddable":true,"href":"https:\/\/linitiative.ca\/International\/wp-json\/wp\/v2\/categories?post=121413"},{"taxonomy":"post_tag","embeddable":true,"href":"https:\/\/linitiative.ca\/International\/wp-json\/wp\/v2\/tags?post=121413"}],"curies":[{"name":"wp","href":"https:\/\/api.w.org\/{rel}","templated":true}]}}