{"id":121414,"date":"2021-07-14T16:53:20","date_gmt":"2021-07-14T20:53:20","guid":{"rendered":"https:\/\/linitiative.ca\/International\/tunisie-monastir-le-comite-regional-propose-un-confinement-general-durant-les-fetes-de-laid\/"},"modified":"2021-07-14T16:53:20","modified_gmt":"2021-07-14T20:53:20","slug":"tunisie-monastir-le-comite-regional-propose-un-confinement-general-durant-les-fetes-de-laid","status":"publish","type":"post","link":"https:\/\/linitiative.ca\/International\/tunisie-monastir-le-comite-regional-propose-un-confinement-general-durant-les-fetes-de-laid\/","title":{"rendered":"Tunisie \u2013 Monastir\u00a0: Le comit\u00e9 r\u00e9gional propose un confinement g\u00e9n\u00e9ral durant les f\u00eates de l\u2019A\u00efd"},"content":{"rendered":"<div>\n<p>Le comit\u00e9 r\u00e9gional de lutte contre le covid, \u00e0 Monastir, s\u2019est r\u00e9uni, ce mercredi, sous la pr\u00e9sidence du gouverneur, et a d\u00e9cid\u00e9 de maintenir les m\u00eames mesures d\u00e9j\u00e0 en vigueur, en rapport avec le confinement cibl\u00e9 instaur\u00e9, depuis quelques jours. Des membres du comit\u00e9 ont, par ailleurs, appel\u00e9 \u00e0 instaurer un confinement g\u00e9n\u00e9ral de toute [\u2026]<\/p>\n<p>L\u2019article <a href=\"https:\/\/www.tunisienumerique.com\/tunisie-monastir-le-comite-regional-propose-un-confinement-general-durant-les-fetes-de-laid\/\">Tunisie \u2013 Monastir\u00a0: Le comit\u00e9 r\u00e9gional propose un confinement g\u00e9n\u00e9ral durant les f\u00eates de l\u2019A\u00efd<\/a> est apparu en premier sur <a href=\"https:\/\/www.tunisienumerique.com\/\">Tunisie<\/a>.<\/p>\n<\/div>\n<p>Auteur: LM<br \/>\n<a href=\"https:\/\/www.tunisienumerique.com\/tunisie-monastir-le-comite-regional-propose-un-confinement-general-durant-les-fetes-de-laid\/\">Cliquez ici pour lire l&rsquo;article depuis sa source.<\/a><\/p>\n","protected":false},"excerpt":{"rendered":"<p>Le comit\u00e9 r\u00e9gional de lutte contre le covid, \u00e0 Monastir, s\u2019est r\u00e9uni, ce mercredi, sous la pr\u00e9sidence du gouverneur, et a d\u00e9cid\u00e9 de maintenir les m\u00eames mesures d\u00e9j\u00e0 en vigueur, en rapport avec le confinement cibl\u00e9 instaur\u00e9, depuis quelques jours. Des membres du comit\u00e9 ont, par ailleurs, appel\u00e9 \u00e0 instaurer un confinement g\u00e9n\u00e9ral de toute [&hellip;]<\/p>\n","protected":false},"author":1789,"featured_media":0,"comment_status":"closed","ping_status":"closed","sticky":false,"template":"","format":"standard","meta":{"fifu_image_url":"","fifu_image_alt":"","footnotes":""},"categories":[73,55],"tags":[],"class_list":["post-121414","post","type-post","status-publish","format-standard","hentry","category-actualite","category-tunisie"],"_links":{"self":[{"href":"https:\/\/linitiative.ca\/International\/wp-json\/wp\/v2\/posts\/121414","targetHints":{"allow":["GET"]}}],"collection":[{"href":"https:\/\/linitiative.ca\/International\/wp-json\/wp\/v2\/posts"}],"about":[{"href":"https:\/\/linitiative.ca\/International\/wp-json\/wp\/v2\/types\/post"}],"author":[{"embeddable":true,"href":"https:\/\/linitiative.ca\/International\/wp-json\/wp\/v2\/users\/1789"}],"replies":[{"embeddable":true,"href":"https:\/\/linitiative.ca\/International\/wp-json\/wp\/v2\/comments?post=121414"}],"version-history":[{"count":0,"href":"https:\/\/linitiative.ca\/International\/wp-json\/wp\/v2\/posts\/121414\/revisions"}],"wp:attachment":[{"href":"https:\/\/linitiative.ca\/International\/wp-json\/wp\/v2\/media?parent=121414"}],"wp:term":[{"taxonomy":"category","embeddable":true,"href":"https:\/\/linitiative.ca\/International\/wp-json\/wp\/v2\/categories?post=121414"},{"taxonomy":"post_tag","embeddable":true,"href":"https:\/\/linitiative.ca\/International\/wp-json\/wp\/v2\/tags?post=121414"}],"curies":[{"name":"wp","href":"https:\/\/api.w.org\/{rel}","templated":true}]}}