{"id":121415,"date":"2021-07-14T15:37:32","date_gmt":"2021-07-14T19:37:32","guid":{"rendered":"https:\/\/linitiative.ca\/International\/poursuites-judiciaires-contre-lancien-pm-congolais\/"},"modified":"2021-07-14T15:37:32","modified_gmt":"2021-07-14T19:37:32","slug":"poursuites-judiciaires-contre-lancien-pm-congolais","status":"publish","type":"post","link":"https:\/\/linitiative.ca\/International\/poursuites-judiciaires-contre-lancien-pm-congolais\/","title":{"rendered":"POURSUITES JUDICIAIRES CONTRE L\u2019ANCIEN PM CONGOLAIS"},"content":{"rendered":"<div>\n<p><img decoding=\"async\" width=\"592\" height=\"296\" src=\"https:\/\/linitiative.ca\/International\/wp-content\/uploads\/sites\/23\/2021\/07\/POYO.jpg\" class=\"attachment- size- wp-post-image\" alt=\"\" loading=\"lazy\" style=\"float:left; margin:0 15px 15px 0;\" srcset=\"https:\/\/linitiative.ca\/International\/wp-content\/uploads\/sites\/23\/2021\/07\/POYO.jpg 592w, https:\/\/lepays.bf\/wp-content\/uploads\/2021\/07\/POYO-300x150.jpg 300w\" sizes=\"auto, (max-width: 592px) 100vw, 592px\">Le bureau du S\u00e9nat a finalement l\u00e2ch\u00e9 l\u2019ancien Premier ministre, Augustin Matata Ponyo. En effet, la Chambre haute a lev\u00e9 l\u2019immunit\u00e9 de ce dernier, ouvrant la voie \u00e0 des poursuites judiciaires. Et depuis, les choses sont all\u00e9es tr\u00e8s vite. Apr\u00e8s avoir \u00e9t\u00e9 entendu par le parquet g\u00e9n\u00e9ral pr\u00e8s la Cour constitutionnelle dans le cadre d\u2019une \u2026<\/p>\n<p>L\u2019article <a rel=\"nofollow\" href=\"https:\/\/lepays.bf\/poursuites-judiciaires-contre-lancien-pm-congolais\/\">POURSUITES JUDICIAIRES CONTRE L\u2019ANCIEN PM CONGOLAIS<\/a> est apparu en premier sur <a rel=\"nofollow\" href=\"https:\/\/lepays.bf\/\">Editions Le Pays<\/a>.<\/p>\n<\/div>\n<p>Auteur: Editions LEPAYS<br \/>\n<a href=\"https:\/\/lepays.bf\/poursuites-judiciaires-contre-lancien-pm-congolais\/\">Cliquez ici pour lire l&rsquo;article depuis sa source.<\/a><\/p>\n","protected":false},"excerpt":{"rendered":"<p>Le bureau du S\u00e9nat a finalement l\u00e2ch\u00e9 l\u2019ancien Premier ministre, Augustin Matata Ponyo. En effet, la Chambre haute a lev\u00e9 l\u2019immunit\u00e9 de ce dernier, ouvrant la voie \u00e0 des poursuites judiciaires. Et depuis, les choses sont all\u00e9es tr\u00e8s vite. Apr\u00e8s avoir \u00e9t\u00e9 entendu par le parquet g\u00e9n\u00e9ral pr\u00e8s la Cour constitutionnelle dans le cadre d\u2019une [&hellip;]<\/p>\n","protected":false},"author":1813,"featured_media":0,"comment_status":"closed","ping_status":"closed","sticky":false,"template":"","format":"standard","meta":{"fifu_image_url":"https:\/\/lepays.bf\/wp-content\/uploads\/2021\/07\/POYO.jpg","fifu_image_alt":"POURSUITES JUDICIAIRES CONTRE L\u2019ANCIEN PM CONGOLAIS","footnotes":""},"categories":[73,81],"tags":[],"class_list":["post-121415","post","type-post","status-publish","format-standard","hentry","category-actualite","category-burkina-faso"],"_links":{"self":[{"href":"https:\/\/linitiative.ca\/International\/wp-json\/wp\/v2\/posts\/121415","targetHints":{"allow":["GET"]}}],"collection":[{"href":"https:\/\/linitiative.ca\/International\/wp-json\/wp\/v2\/posts"}],"about":[{"href":"https:\/\/linitiative.ca\/International\/wp-json\/wp\/v2\/types\/post"}],"author":[{"embeddable":true,"href":"https:\/\/linitiative.ca\/International\/wp-json\/wp\/v2\/users\/1813"}],"replies":[{"embeddable":true,"href":"https:\/\/linitiative.ca\/International\/wp-json\/wp\/v2\/comments?post=121415"}],"version-history":[{"count":0,"href":"https:\/\/linitiative.ca\/International\/wp-json\/wp\/v2\/posts\/121415\/revisions"}],"wp:attachment":[{"href":"https:\/\/linitiative.ca\/International\/wp-json\/wp\/v2\/media?parent=121415"}],"wp:term":[{"taxonomy":"category","embeddable":true,"href":"https:\/\/linitiative.ca\/International\/wp-json\/wp\/v2\/categories?post=121415"},{"taxonomy":"post_tag","embeddable":true,"href":"https:\/\/linitiative.ca\/International\/wp-json\/wp\/v2\/tags?post=121415"}],"curies":[{"name":"wp","href":"https:\/\/api.w.org\/{rel}","templated":true}]}}