{"id":121417,"date":"2021-07-14T16:11:47","date_gmt":"2021-07-14T20:11:47","guid":{"rendered":"https:\/\/linitiative.ca\/International\/realisation-des-infrastructures-du-11-decembre-je-vois-toujours-le-verre-a-moitie-plein-fatoumata-benon-gouverneure-du-plateau-central\/"},"modified":"2021-07-14T16:11:47","modified_gmt":"2021-07-14T20:11:47","slug":"realisation-des-infrastructures-du-11-decembre-je-vois-toujours-le-verre-a-moitie-plein-fatoumata-benon-gouverneure-du-plateau-central","status":"publish","type":"post","link":"https:\/\/linitiative.ca\/International\/realisation-des-infrastructures-du-11-decembre-je-vois-toujours-le-verre-a-moitie-plein-fatoumata-benon-gouverneure-du-plateau-central\/","title":{"rendered":"R\u00e9alisation des infrastructures du 11-D\u00e9cembre   : \u00ab Je vois toujours le verre \u00e0 moiti\u00e9 plein \u00bb, Fatoumata Benon, gouverneure du Plateau central"},"content":{"rendered":"<div>\n<p><strong>Partout, peu importe la manifestation, elle mobilise, sensibilise, interpelle\u2026 sur la n\u00e9cessit\u00e9 de r\u00e9ussir l\u2019organisation de la f\u00eate de l\u2019ind\u00e9pendance \u00e0 Ziniar\u00e9. Fatoumata Benon, gouverneure du Plateau central, dans cet entretien, fait le point de l\u2019\u00e9tat d\u2019avancement des travaux des infrastructures \u00e0 r\u00e9aliser dans le cadre du 11-D\u00e9cembre. <\/strong><\/p>\n<p><strong>Sidwaya : A l\u2019occasion des festivit\u00e9s du 11- D\u00e9cembre 2021, de nombreuses infrastructures seront r\u00e9alis\u00e9es dans la r\u00e9gion du Plateau central. Ont-elles connu un d\u00e9but de d\u00e9marrage ?<\/strong><\/p>\n<p><strong>Fatoumata Benon (F. B).<\/strong> : Aujourd\u2019hui, l\u2019organisation du 11-D\u00e9cembre s\u2019est standardis\u00e9e. Depuis quelques ann\u00e9es, ce sont des investissements structurants qui sont r\u00e9alis\u00e9s dans la r\u00e9gion-h\u00f4te. Pour ce qui concerne le Plateau central, la construction de la salle polyvalente a commenc\u00e9 et les travaux avancent assez bien. Le chantier est juste en face de mes bureaux. J\u2019ai donc moi-m\u00eame l\u2019occasion de superviser le travail chaque matin. Le terrassement de la place de la Nation est d\u00e9j\u00e0 fait. Pour la cit\u00e9 des forces vives et pour ce qui concerne la commune de Ziniar\u00e9, plus de 800 parcelles ont \u00e9t\u00e9 affect\u00e9es, les attributaires identifi\u00e9s, les \u00e9tudes de sols effectu\u00e9es et les voies sont en train d\u2019\u00eatre d\u00e9gag\u00e9es. Dans le cahier des charges, il est pr\u00e9vu que les autoconstructeurs paient une caution en fonction de la cat\u00e9gorie, ce qui a \u00e9t\u00e9 fait. Dans la proc\u00e9dure, il faut \u00e9galement des autorisations de construire. Le Laboratoire national du b\u00e2timent et des travaux publics (LNBTP) a fait son travail avec diligence pour permettre aux attributaires de commencer rapidement les constructions. La Maison de l\u2019entreprise nous a fait des facilitations pour que les gens puissent d\u00e9poser leurs dossiers, avoir les autorisations de construire et de disposer \u00e0 la fin, des titres de propri\u00e9t\u00e9. Dans quelques jours, je pr\u00e9vois des sorties de terrain avec mes collaborateurs techniques et les collectivit\u00e9s de Ziniar\u00e9 pour constater l\u2019avanc\u00e9e des travaux. Eventuellement, nous proc\u00e9derons aux retraits de parcelles \u00e0 ceux qui n\u2019ont pas encore d\u00e9but\u00e9, car il est pr\u00e9vu un d\u00e9lai d\u2019ex\u00e9cution des travaux, conform\u00e9ment au cahier des charges \u00e9tabli par la mairie de Ziniar\u00e9. En ce qui concerne les logements sociaux, 53 ont \u00e9t\u00e9 r\u00e9ceptionn\u00e9s \u00e0 Ziniar\u00e9, 97 sont en cours de construction et 100 logements \u00e9conomiques non encore implant\u00e9s. A Zorgho, il y a 40 logements sociaux et 10 logements \u00e9conomiques qui sont r\u00e9ceptionn\u00e9s. A Zorgho et Bouss\u00e9, il est \u00e9galement pr\u00e9vu des cit\u00e9s des forces vives. Et \u00e0 cet effet, nous avons obtenu pour Zorgho, 156 hectares et pour Bouss\u00e9 46 hectares. Etant donn\u00e9 que les techniciens ont fini \u00e0 Ziniar\u00e9, ils vont se d\u00e9ployer sur ces deux villes pour le travail technique pr\u00e9alable. En termes de voiries, Zorgho et Bouss\u00e9 vont b\u00e9n\u00e9ficier d\u2019un certain nombre de kilom\u00e8tres. Il y aura des travaux connexes comme des \u00e9clairages solaires, des forages, des cl\u00f4tures pour infrastructures \u00e9ducatives et\/ou sanitaires, des plantations d\u2019arbres\u2026<\/p>\n<p><strong>S : Au niveau des deux autres chefs-lieux de province (Bouss\u00e9 et Zorgho), les <\/strong><br \/>\n<strong>travaux ont-ils aussi <\/strong><br \/>\n<strong>commenc\u00e9?<\/strong><\/p>\n<p><strong>F. B.<\/strong> : Oui ! Des travaux de certaines infrastructures ont d\u00e9j\u00e0 commenc\u00e9. Pour d\u2019autres, ils sont au stade technique.<\/p>\n<p><strong>S : Aujourd\u2019hui, tous les march\u00e9s pour ex\u00e9cuter les chantiers du 11-D\u00e9cembre ont-ils \u00e9t\u00e9 attribu\u00e9s ?<\/strong><\/p>\n<p><strong>F. B.<\/strong> : Absolument ! Tous les march\u00e9s ont \u00e9t\u00e9 pass\u00e9s. Beaucoup d\u2019entreprises retenues ont d\u00e9j\u00e0 travaill\u00e9 dans le cadre du 11-D\u00e9cembre. La liste des entreprises est connue et celles-ci s\u2019activent d\u00e9j\u00e0 pour le travail demand\u00e9. Elles ont une r\u00e9putation nationale ainsi que les bureaux d\u2019\u00e9tudes. Nous avons eu une rencontre de prise de contact avec ces entreprises. Cela a \u00e9t\u00e9 l\u2019occasion pour le minist\u00e8re des Infrastructures d\u2019interpeller chacun sur son r\u00f4le et sa responsabilit\u00e9 quant \u00e0 la bonne ex\u00e9cution de tous les travaux.<\/p>\n<p><strong>S : Vous avez plaid\u00e9 pour la prise en compte des entreprises locales dans l\u2019attribution des march\u00e9s. Sont-elles b\u00e9n\u00e9ficiaires de certaines infrastructures ?<\/strong><\/p>\n<p><strong>F. B.<\/strong> : Ce plaidoyer a \u00e9t\u00e9 entendu. Il faut rappeler que notre syst\u00e8me de passation de march\u00e9s est organis\u00e9 de sorte qu\u2019il y ait une concurrence. On proc\u00e8de par appel d\u2019offres, d\u00e9p\u00f4t de dossiers. Des entreprises locales ont postul\u00e9 et certaines ont \u00e9t\u00e9 retenues. Pour ce qui est de la main-d\u2019\u0153uvre locale, je lance un appel aux jeunes qui seront recrut\u00e9s par les entreprises, d\u2019\u00eatre d\u2019une grande disponibilit\u00e9. Les infrastructures doivent \u00eatre r\u00e9alis\u00e9es dans un temps record et \u00eatre de tr\u00e8s belle facture.<\/p>\n<p><strong>S : Pour le suivi de la qualit\u00e9 des infrastructures, il a \u00e9t\u00e9 annonc\u00e9 la mise en place d\u2019un comit\u00e9 r\u00e9gional. Quel est son r\u00f4le ?<\/strong><\/p>\n<p><strong>F. B.<\/strong> : Le comit\u00e9 dont vous faites cas ne r\u00e9pond pas directement de la gouverneure de la r\u00e9gion. C\u2019est une initiative port\u00e9e par les forces vives de la r\u00e9gion qui ont voulu apporter leur contribution citoyenne. Du reste, lorsque l\u2019Agence des travaux d\u2019infrastructures et du b\u00e2timent (AGETIB) a organis\u00e9 sa rencontre de prise de contact avec les entreprises d\u00e9l\u00e9gu\u00e9es, elle a salu\u00e9 cette d\u00e9marche et demand\u00e9 \u00e0 la soci\u00e9t\u00e9 civile de s\u2019investir pleinement dans ce travail de veille et de contr\u00f4le.<\/p>\n<p><strong>S : Plusieurs partenaires se sont engag\u00e9s \u00e0 r\u00e9aliser de nombreuses infrastructures socio\u00e9conomiques de base. Y-a-t-il des signes dans ce sens ?<\/strong><\/p>\n<p><strong>F. B.<\/strong> : Absolument ! Je prends l\u2019exemple de Orange Burkina qui doit construire un \u00ab village Orange \u00bb, une \u00e9cole. La compagnie de t\u00e9l\u00e9phonie a d\u00e9j\u00e0 commenc\u00e9 son travail dans le village de Sa, \u00e0 quelques encablures de Ziniar\u00e9. La t\u00e9l\u00e9phonie mobile Moov Africa doit \u00e9galement \u00e9riger un monument dans la ville de Ziniar\u00e9. J\u2019ai rencontr\u00e9 l\u2019\u00e9quipe de Moov Africa. Elle a donn\u00e9 l\u2019assurance de le faire. La Poste Burkina a \u00e9galement pr\u00e9vu la construction d\u2019un centre de sant\u00e9. Elle a d\u00e9j\u00e0 recrut\u00e9 une entreprise, le site a \u00e9t\u00e9 identifi\u00e9. La LONAB \u00e9galement, \u00e0 travers une d\u00e9l\u00e9gation de services, doit construire deux centres de sant\u00e9 dans la r\u00e9gion. Nous sommes avanc\u00e9s sur ces dossiers.<\/p>\n<p><strong>S : Au niveau de la cit\u00e9 des forces vives, les parcelles ont \u00e9t\u00e9 attribu\u00e9es et les propri\u00e9taires terriens indemnis\u00e9s. Peut-on, aujourd\u2019hui, consid\u00e9rer ce dossier clos ?<\/strong><\/p>\n<p><strong>F. B.<\/strong> : Oui, le dossier est clos dans certains aspects. Des parcelles ont \u00e9t\u00e9 affect\u00e9es et l\u2019on a remis les documents d\u2019affectation aux propri\u00e9taires terriens. Il y a un lot de terrains qui \u00e9tait rest\u00e9. Il y a une commission ad hoc qui est pr\u00e9sid\u00e9e par le maire de Ziniar\u00e9, Pascal Compaor\u00e9. Cette commission a re\u00e7u des r\u00e9clamations entre temps. Il y a eu des citoyens qui \u00e9taient attributaires. Mais sur les parcelles, il y avait des obstacles tels des tombes, des rochers\u2026 c\u2019\u00e9tait inexploitable. Ces cas ont \u00e9t\u00e9 trait\u00e9s. Il y a donc eu une liste additive qui a \u00e9t\u00e9 trait\u00e9e. A ce stade, on ne peut plus parler d\u2019ouverture ou de r\u00e9ception de nouveaux dossiers ou d\u2019affectation de terrains pour ce qui est de l\u2019autopromotion. Pour les propri\u00e9taires terriens, c\u2019est un autre cas. Il avait \u00e9t\u00e9 n\u00e9goci\u00e9 que par nombre d\u2019hectares c\u00e9d\u00e9s, un certain nombre de parcelles soit affect\u00e9. A Ziniar\u00e9, c\u2019\u00e9tait cinq terrains par hectares et un sixi\u00e8me terrain si des maisons devraient \u00eatre d\u00e9truites par les am\u00e9nagements. La commission a travaill\u00e9 \u00e0 d\u00e9sint\u00e9resser les propri\u00e9taires terriens. En la mati\u00e8re, l\u2019Etat ne sert pas d\u2019indemnisation financi\u00e8re, celle-ci se fait en nature, en nombre de terrains. Dans le cas de Ziniar\u00e9, les propri\u00e9taires terriens qui ont \u00e9t\u00e9 identifi\u00e9s depuis longtemps ont \u00e9t\u00e9 indemnis\u00e9s. Nous sommes au stade des r\u00e9clamations. Quand on parle de r\u00e9clamations, ce sont des cas o\u00f9 les domaines des citoyens se sont retrouv\u00e9s sur des tombes, des rochers\u2026 Les terrains sur lesquels, il y a des tombes ont \u00e9t\u00e9 remis aux familles des d\u00e9funts.<\/p>\n<p><strong>S : Plusieurs b\u00e9n\u00e9ficiaires de parcelles dans la cit\u00e9 des forces vives \u00e9voquent des probl\u00e8mes d\u2019accessibilit\u00e9 au site. Qu\u2019est-ce qui sera fait pour leur faciliter la t\u00e2che afin d\u2019acc\u00e9l\u00e9rer la r\u00e9alisation des travaux ?<\/strong><\/p>\n<p><strong>F. B.<\/strong> : Il faut saluer le fait qu\u2019au niveau du gouvernement, il y ait eu une volont\u00e9 d\u2019acc\u00e9l\u00e9rer les travaux. Souvent, lorsque l\u2019am\u00e9nagement est fait, on donne \u00e0 chacun les r\u00e9f\u00e9rences pour l\u2019autopromotion ou les questions d\u2019indemnisation, c\u2019est vers la fin qu\u2019on fait une sorte de profilage et on r\u00e9alise les voies \u00e0 bitumer au sein de la cit\u00e9 des forces vives. Pour le cas de Ziniar\u00e9, les bouch\u00e9es ont \u00e9t\u00e9 doublement mises pour permettre aux autopromoteurs d\u2019\u00eatre plus ou moins \u00e0 l\u2019aise. Ce sont des difficult\u00e9s inh\u00e9rentes \u00e0 toute op\u00e9ration d\u2019envergure comme celle de l\u2019am\u00e9nagement dans le cadre du 11-D\u00e9cembre. Je demande de la patience aux diff\u00e9rents promoteurs, parce que nous sommes en saison hivernale, tout ce qu\u2019on fera l\u00e0-bas, il y aura de la boue. Mais que les uns et les autres soient rassur\u00e9s, les am\u00e9nagements vont se faire de telle sorte que la mobilit\u00e9 soit effective et fluide \u00e0 la fin des travaux, pour qu\u2019ils soient \u00e0 l\u2019aise. Trois kilom\u00e8tres de routes bitum\u00e9es sont pr\u00e9vues dans la cit\u00e9 des forces vives. Cela va permettre une bonne mobilit\u00e9 des r\u00e9sidents. Tous les grands projets de ce genre ne peuvent pas se r\u00e9aliser sans quelques d\u00e9sagr\u00e9ments.<\/p>\n<p><strong>S : Etes-vous optimiste quant \u00e0 la capacit\u00e9 des entreprises \u00e0 livrer les travaux \u00e0 bonne date ?<\/strong><\/p>\n<p><strong>F. B.<\/strong> : Je suis optimiste. Personnellement, je vois toujours le verre \u00e0 moiti\u00e9 plein qu\u2019\u00e0 moiti\u00e9 vide. Cela aide \u00e0 avancer et \u00e0 relever les d\u00e9fis. Du reste, j\u2019ai interpell\u00e9 les entreprises pour leur dire de mettre les bouch\u00e9es doubles. A tous les autres acteurs, collectivit\u00e9s, personnes morales, de ressources, leaders associatifs, coutumiers et religieux, j\u2019ai demand\u00e9 d\u2019accompagner le processus. Si chaque maillon fonctionne, nous pourrons avoir, dans les d\u00e9lais, au moins ce qui est pr\u00e9vu, n\u00e9cessaire pour une c\u00e9l\u00e9bration r\u00e9ussie.<\/p>\n<p><strong>S : A la prise du flambeau du 11-D\u00e9cembre \u00e0 Banfora, nous avons vu une forte mobilisation des populations autour de l\u2019\u00e9v\u00e9nement. Que faites-vous pour le maintenir intact ?<\/strong><\/p>\n<p><strong>F. B.<\/strong> : Nous mobilisons les uns et les autres par le partage d\u2019informations et la communication sur tout ce qui se fait. Nous avons mis en place un dispositif de partage d\u2019informations avec tousmes collaborateurs, hauts- commissaires, maires,<br \/>\nresponsables des services d\u00e9concentr\u00e9s et d\u00e9centralis\u00e9s. Nous utilisons \u00e9galement les technologies de l\u2019information et de la communication, les r\u00e9seaux sociaux (groupes Whatsapp, Facebook). On a surtout les m\u00e9dias qui nous offrent des plages, je remercie les Editions Sidwaya pour cette belle tribune, pour mobiliser les forces vives, sensibiliser les populations. Tout ce qui se fait, si ce n\u2019est pas suffisamment expliqu\u00e9, les populations auront l\u2019impression que les choses ne fonctionnent pas comme elles le souhaitent, alors que chacun a son r\u00f4le \u00e0 jouer. Dans les questions de d\u00e9veloppement, il y a une responsabilit\u00e9 collective et individuelle. L\u2019Etat \u00e0 lui seul ne peut pas tout faire. Nous allons maintenir cette mobilisation \u00e0 travers les \u00e9changes, dans les cadres de partage d\u2019information, de rencontres p\u00e9riodiques.<\/p>\n<p><strong>S : L\u2019une des activit\u00e9s-phares du 11-D\u00e9cembre, c\u2019est aussi la foire. Comment se pr\u00e9pare-t-elle ?<\/strong><\/p>\n<p><strong>F. B.<\/strong> : La foire se pr\u00e9pare bien. Des avanc\u00e9es significatives sont \u00e0 noter. La structure charg\u00e9e de l\u2019organisation a \u00e9t\u00e9 recrut\u00e9e \u00e0 la suite d\u2019un appel \u00e0 candidature. Un site a d\u00e9j\u00e0 \u00e9t\u00e9 identifi\u00e9 pour abriter la foire. Au niveau r\u00e9gional, nous avons pris sur nous, comme cela doit se faire, d\u2019informer sur la tenue de la foire et instruire que les acteurs r\u00e9gionaux puissent \u00eatre tr\u00e8s repr\u00e9sent\u00e9s. Nous avons la Chambre des m\u00e9tiers, la Chambre r\u00e9gionale d\u2019agriculture, la Chambre r\u00e9gionale de commerce, la Maison de l\u2019entreprise, des associations de femmes, les structures de jeunes. Le dispositif pr\u00e9voit qu\u2019\u00e0 une certaine p\u00e9riode, une \u00e9quipe des organisateurs viennent enregistrer les souscriptions de ceux qui veulent prendre part \u00e0 la foire. La participation \u00e0 la foire du 11-D\u00e9cembre est payante pour les exposants.<\/p>\n<p><strong>S : Dans plusieurs localit\u00e9s, les pr\u00e9paratifs des festivit\u00e9s du 11-D\u00e9cembre ont rim\u00e9 avec une certaine d\u00e9pravation des m\u0153urs, notamment des grossesses non d\u00e9sir\u00e9es. Pour ce qui est du Plateau central, avez-vous pris des mesures pr\u00e9ventives ?<\/strong><\/p>\n<p><strong>F. B.<\/strong> : Ziniar\u00e9 est l\u2019\u00e9dition de la capitalisation de tout ce qui s\u2019est pass\u00e9 partout ailleurs. Cela veut dire que nous devons nous inspirer des bonnes pratiques et transformer ces risques en opportunit\u00e9s. Un dispositif a d\u00e9j\u00e0 \u00e9t\u00e9 mis en place et nous avons commenc\u00e9 \u00e0 parler et faire le plaidoyer depuis l\u2019ann\u00e9e derni\u00e8re, \u00e0 travers l\u2019antenne r\u00e9gionale du Secr\u00e9tariat permanent du Comit\u00e9 national de lutte conte le SIDA et les IST (SP\/CNLS-IST) qui a propos\u00e9 un dossier \u00e0 ce sujet. Au niveau national, le SP\/CNLS-IST a \u00e9crit aux diff\u00e9rents minist\u00e8res en charge de la r\u00e9alisation des grandes infrastructures, pour leur rappeler la mission de faire travailler les entreprises et les ouvriers dans un environnement sain, loin des maladies. L\u2019antenne r\u00e9gionale a un plan d\u2019actions sur le sujet. Il y a aussi le Conseil r\u00e9gional des OSC qui m\u00e8ne une campagne contre les IST, les grossesses non d\u00e9sir\u00e9es, etc. C\u2019est le lieu pour moi d\u2019appeler tous les partenaires qui peuvent accompagner ces initiatives \u00e0 le faire. Nous allons travailler \u00e0 \u00e9viter que chaque entreprise aille toute seule s\u2019entendre avec des acteurs de la soci\u00e9t\u00e9 civile pour mener des actions de lutte. Nous voulons une approche holistique et synergique. Nous voulons de la visibilit\u00e9, de la tra\u00e7abilit\u00e9 et qu\u2019au moment venu, nous puissions faire le point de tout ce qui a \u00e9t\u00e9 men\u00e9. Il faut aussi que les actions soient \u00e9tendues aux provinces, aux communes, aux villages de la r\u00e9gion, compte tenu de la mobilit\u00e9 de l\u2019ensemble des acteurs.<\/p>\n<p style=\"text-align: right\"><strong>Interview r\u00e9alis\u00e9e par Djakaridia SIRIBIE <\/strong><br \/>\n<strong>Elodie NIKIEMA <\/strong><br \/>\n<strong>(Stagiaire)<\/strong><\/p>\n<p>L\u2019article <a rel=\"nofollow\" href=\"https:\/\/www.sidwaya.info\/blog\/2021\/07\/14\/realisation-des-infrastructures-du-11-decembre-je-vois-toujours-le-verre-a-moitie-plein-fatoumata-benon-gouverneure-du-plateau-central\/\">R\u00e9alisation des infrastructures du 11-D\u00e9cembre   : \u00ab Je vois toujours le verre \u00e0 moiti\u00e9 plein \u00bb, Fatoumata Benon, gouverneure du Plateau central<\/a> est apparu en premier sur <a rel=\"nofollow\" href=\"https:\/\/www.sidwaya.info\/\">Quotidien Sidwaya<\/a>.<\/p>\n<\/div>\n<p>Auteur: BM. Sidwaya<br \/>\n<a href=\"https:\/\/www.sidwaya.info\/blog\/2021\/07\/14\/realisation-des-infrastructures-du-11-decembre-je-vois-toujours-le-verre-a-moitie-plein-fatoumata-benon-gouverneure-du-plateau-central\/\">Cliquez ici pour lire l&rsquo;article depuis sa source.<\/a><\/p>\n","protected":false},"excerpt":{"rendered":"<p>Partout, peu importe la manifestation, elle mobilise, sensibilise, interpelle\u2026 sur la n\u00e9cessit\u00e9 de r\u00e9ussir l\u2019organisation de la f\u00eate de l\u2019ind\u00e9pendance \u00e0 Ziniar\u00e9. Fatoumata Benon, gouverneure du Plateau central, dans cet entretien, fait le point de l\u2019\u00e9tat d\u2019avancement des travaux des infrastructures \u00e0 r\u00e9aliser dans le cadre du 11-D\u00e9cembre. Sidwaya : A l\u2019occasion des festivit\u00e9s du [&hellip;]<\/p>\n","protected":false},"author":1816,"featured_media":0,"comment_status":"closed","ping_status":"closed","sticky":false,"template":"","format":"standard","meta":{"fifu_image_url":"","fifu_image_alt":"","footnotes":""},"categories":[73,81],"tags":[],"class_list":["post-121417","post","type-post","status-publish","format-standard","hentry","category-actualite","category-burkina-faso"],"_links":{"self":[{"href":"https:\/\/linitiative.ca\/International\/wp-json\/wp\/v2\/posts\/121417","targetHints":{"allow":["GET"]}}],"collection":[{"href":"https:\/\/linitiative.ca\/International\/wp-json\/wp\/v2\/posts"}],"about":[{"href":"https:\/\/linitiative.ca\/International\/wp-json\/wp\/v2\/types\/post"}],"author":[{"embeddable":true,"href":"https:\/\/linitiative.ca\/International\/wp-json\/wp\/v2\/users\/1816"}],"replies":[{"embeddable":true,"href":"https:\/\/linitiative.ca\/International\/wp-json\/wp\/v2\/comments?post=121417"}],"version-history":[{"count":0,"href":"https:\/\/linitiative.ca\/International\/wp-json\/wp\/v2\/posts\/121417\/revisions"}],"wp:attachment":[{"href":"https:\/\/linitiative.ca\/International\/wp-json\/wp\/v2\/media?parent=121417"}],"wp:term":[{"taxonomy":"category","embeddable":true,"href":"https:\/\/linitiative.ca\/International\/wp-json\/wp\/v2\/categories?post=121417"},{"taxonomy":"post_tag","embeddable":true,"href":"https:\/\/linitiative.ca\/International\/wp-json\/wp\/v2\/tags?post=121417"}],"curies":[{"name":"wp","href":"https:\/\/api.w.org\/{rel}","templated":true}]}}