{"id":121419,"date":"2021-07-14T16:27:51","date_gmt":"2021-07-14T20:27:51","guid":{"rendered":"https:\/\/linitiative.ca\/International\/premier-semestre-2021-plus-de-237-000-nouveaux-deplaces-internes-recenses\/"},"modified":"2021-07-14T16:27:51","modified_gmt":"2021-07-14T20:27:51","slug":"premier-semestre-2021-plus-de-237-000-nouveaux-deplaces-internes-recenses","status":"publish","type":"post","link":"https:\/\/linitiative.ca\/International\/premier-semestre-2021-plus-de-237-000-nouveaux-deplaces-internes-recenses\/","title":{"rendered":"Premier semestre 2021  : plus de 237 000 nouveaux d\u00e9plac\u00e9s internes recens\u00e9s"},"content":{"rendered":"<div>\n<p><strong>Le Conseil des ministres du mercredi 14 juillet 2021 s\u2019est tenu sous la pr\u00e9sidence du Chef de l\u2019Etat, Roch Marc Christian Kabor\u00e9. Plusieurs dossiers \u00e9taient sur la table du gouvernement dont la situation des personnes d\u00e9plac\u00e9es internes.<\/strong><\/p>\n<p>Au premier semestre 2021, le Burkina Faso a enregistr\u00e9 237 078 Personnes d\u00e9plac\u00e9es internes (PDI). Cette information \u00e9mane du conseil des ministres, tenu hier sous la pr\u00e9sidence du Chef de l\u2019Etat, Roch Marc Christian Kabor\u00e9. Le ministre de la Communication et des Relations avec le parlement, Porte-parole du gouvernement, Ouss\u00e9ni Tamboura, a indiqu\u00e9 que cette augmentation porte le nombre total des PDI \u00e0 1 312 071 \u00e0 la date du 30 juin 2021. Face \u00e0 cette situation humanitaire, a pr\u00e9cis\u00e9 le ministre Tamboura, 30 000 tonnes de c\u00e9r\u00e9ales ont \u00e9t\u00e9 distribu\u00e9es aux personnes concern\u00e9es depuis le 21 mars 2021. Il a aussi expliqu\u00e9 que les d\u00e9fis \u00e0 relever sont estim\u00e9s \u00e0 plus de 8 milliards F CFA. A ce propos, il a confi\u00e9 que des instructions ont \u00e9t\u00e9 donn\u00e9es par le chef de l\u2019Etat pour les r\u00e9sorber. Outre la situation humanitaire, le conseil a adopt\u00e9 6 rapports au titre du minist\u00e8re de l\u2019Economie, des Finances et du D\u00e9veloppement (MINEFID). Aux dires de M. Tamboura, trois rapports sont relatifs \u00e0 des autorisations de ratification par ordonnance de trois accords de financement. Il s\u2019agit, entre autres, a-t-il soutenu, d\u2019un accord de financement sign\u00e9 entre le Burkina et la Banque islamique de d\u00e9veloppement (BID), d\u2019un montant de 27,96 millions de dollars US au profit d\u2019un projet de renforcement de sant\u00e9 primaire pour l\u2019am\u00e9lioration de la sant\u00e9 de la nutrition au Burkina Faso. De l\u2019avis du porte-parole du gouvernement, le projet couvre les r\u00e9gions sanitaires des Cascades, des Hauts-Bassins, du Centre-Sud et de l\u2019Est. \u00ab Il vise la construction et l\u2019\u00e9quipement de 25 Centres de sant\u00e9 et de promotion sociale (CSPS), 100 postes de sant\u00e9 communautaires, avec 15 cliniques mobiles au profit des PDI \u00bb, a-t-il pr\u00e9cis\u00e9. L\u2019autre rapport concerne un accord de financement, conclu le 16 avril 2021 entre le Burkina et l\u2019Agence fran\u00e7aise de d\u00e9veloppement (AFD), d\u2019un montant de 17,71 milliards F CFA au profit de l\u2019Agence d\u2019appui au d\u00e9veloppement des collectivit\u00e9s territoriales (PADCT) et au profit du projet d\u2019am\u00e9lioration et de s\u00e9curisation de la production agricole. Selon le ministre Tamboura, 50 communes des r\u00e9gions de l\u2019Est et de la Boucle de Mouhoun sont concern\u00e9es par ces financements.<\/p>\n<p><strong>37 missions diplomatiques \u00e0 l\u2019\u00e9tranger<\/strong><\/p>\n<p>Le 4e rapport est relatif \u00e0 un d\u00e9cret portant modification du Fonds national de solidarit\u00e9 qui devient le Fonds national de solidarit\u00e9 et de r\u00e9silience sociale. A \u00e9couter Ouss\u00e9ni Tamboura, le nouveau fonds aura d\u00e9sormais pour mission de contribuer \u00e0 la prise en charge et \u00e0 la r\u00e9silience des personnes et de groupes sociaux vuln\u00e9rables ou en d\u00e9tresse tout en finan\u00e7ant les actions humanitaires. Le 5e rapport est relatif \u00e0 la cr\u00e9ation de l\u2019Ecole normale sup\u00e9rieure (ENS) qui regroupe d\u00e9sormais l\u2019Institut des sciences (IDS) et l\u2019Ecole normale sup\u00e9rieur de Koudougou (ENSK). La rencontre hebdomadaire gouvernementale a, au titre du minist\u00e8re en charge des affaires \u00e9trang\u00e8res, adopt\u00e9 un d\u00e9cret portant classification et organisation type des d\u00e9partements des missions diplomatiques et de consulats g\u00e9n\u00e9raux du Burkina Faso \u00e0 l\u2019\u00e9tranger. Le porte-voix de l\u2019Ex\u00e9cutif a indiqu\u00e9 que ce texte de loi est conforme \u00e0 la volont\u00e9 du pr\u00e9sident du Faso qui s\u2019est engag\u00e9 dans son programme de soci\u00e9t\u00e9 2021-2025, \u00e0 poursuivre une politique \u00e9trang\u00e8re coh\u00e9rente, dynamique et stimulatrice pour le d\u00e9veloppement \u00e9conomique et social du Burkina. Il a, par ailleurs, relev\u00e9 que le Burkina compte \u00e0 ce jour 37 missions diplomatiques et 15 consulats g\u00e9n\u00e9raux dans le monde. Au titre du minist\u00e8re de la Sant\u00e9, le conseil a en outre adopt\u00e9 un d\u00e9cret portant cr\u00e9ation, attribution, organisation et fonctionnement du Conseil national de la nutrition. \u00ab Le Conseil national de la nutrition est d\u00e9sormais pr\u00e9sid\u00e9 par le chef de l\u2019Etat \u00bb, a d\u00e9clar\u00e9 le ministre en charge de la communication.<\/p>\n<p style=\"text-align: right\"><strong>Abdoulaye BALBONE<\/strong><\/p>\n<p>L\u2019article <a rel=\"nofollow\" href=\"https:\/\/www.sidwaya.info\/blog\/2021\/07\/14\/premier-semestre-2021-plus-de-237-000-nouveaux-deplaces-internes-recenses\/\">Premier semestre 2021  : plus de 237 000 nouveaux d\u00e9plac\u00e9s internes recens\u00e9s<\/a> est apparu en premier sur <a rel=\"nofollow\" href=\"https:\/\/www.sidwaya.info\/\">Quotidien Sidwaya<\/a>.<\/p>\n<\/div>\n<p>Auteur: BM. Sidwaya<br \/>\n<a href=\"https:\/\/www.sidwaya.info\/blog\/2021\/07\/14\/premier-semestre-2021-plus-de-237-000-nouveaux-deplaces-internes-recenses\/\">Cliquez ici pour lire l&rsquo;article depuis sa source.<\/a><\/p>\n","protected":false},"excerpt":{"rendered":"<p>Le Conseil des ministres du mercredi 14 juillet 2021 s\u2019est tenu sous la pr\u00e9sidence du Chef de l\u2019Etat, Roch Marc Christian Kabor\u00e9. Plusieurs dossiers \u00e9taient sur la table du gouvernement dont la situation des personnes d\u00e9plac\u00e9es internes. Au premier semestre 2021, le Burkina Faso a enregistr\u00e9 237 078 Personnes d\u00e9plac\u00e9es internes (PDI). Cette information \u00e9mane [&hellip;]<\/p>\n","protected":false},"author":1816,"featured_media":0,"comment_status":"closed","ping_status":"closed","sticky":false,"template":"","format":"standard","meta":{"fifu_image_url":"","fifu_image_alt":"","footnotes":""},"categories":[73,81],"tags":[],"class_list":["post-121419","post","type-post","status-publish","format-standard","hentry","category-actualite","category-burkina-faso"],"_links":{"self":[{"href":"https:\/\/linitiative.ca\/International\/wp-json\/wp\/v2\/posts\/121419","targetHints":{"allow":["GET"]}}],"collection":[{"href":"https:\/\/linitiative.ca\/International\/wp-json\/wp\/v2\/posts"}],"about":[{"href":"https:\/\/linitiative.ca\/International\/wp-json\/wp\/v2\/types\/post"}],"author":[{"embeddable":true,"href":"https:\/\/linitiative.ca\/International\/wp-json\/wp\/v2\/users\/1816"}],"replies":[{"embeddable":true,"href":"https:\/\/linitiative.ca\/International\/wp-json\/wp\/v2\/comments?post=121419"}],"version-history":[{"count":0,"href":"https:\/\/linitiative.ca\/International\/wp-json\/wp\/v2\/posts\/121419\/revisions"}],"wp:attachment":[{"href":"https:\/\/linitiative.ca\/International\/wp-json\/wp\/v2\/media?parent=121419"}],"wp:term":[{"taxonomy":"category","embeddable":true,"href":"https:\/\/linitiative.ca\/International\/wp-json\/wp\/v2\/categories?post=121419"},{"taxonomy":"post_tag","embeddable":true,"href":"https:\/\/linitiative.ca\/International\/wp-json\/wp\/v2\/tags?post=121419"}],"curies":[{"name":"wp","href":"https:\/\/api.w.org\/{rel}","templated":true}]}}