{"id":121420,"date":"2021-07-14T16:33:55","date_gmt":"2021-07-14T20:33:55","guid":{"rendered":"https:\/\/linitiative.ca\/International\/la-necessite-dune-administration-electorale\/"},"modified":"2021-07-14T16:33:55","modified_gmt":"2021-07-14T20:33:55","slug":"la-necessite-dune-administration-electorale","status":"publish","type":"post","link":"https:\/\/linitiative.ca\/International\/la-necessite-dune-administration-electorale\/","title":{"rendered":"La n\u00e9cessit\u00e9 d\u2019une  administration \u00e9lectorale"},"content":{"rendered":"<div>\n<p>Le processus en cours pour l\u2019\u00e9lection du pr\u00e9sident de la Commission \u00e9lectorale nationale ind\u00e9pendante (CENI), a remis au go\u00fbt du jour le passionn\u00e9 et tr\u00e8s politis\u00e9 d\u00e9bat qui revient sous nos cieux chaque cinq ans, quand vient le moment de la d\u00e9signation des commissaires et du pr\u00e9sident de la commission. En soi, ces tractations sont le signe de la vitalit\u00e9 de notre d\u00e9mocratie, mais en principe, n\u2019avaient pas leur raison d\u2019\u00eatre. En effet, pour qui conna\u00eet la composition de la CENI et le mode de d\u00e9signation de ses membres, le d\u00e9bat devait \u00eatre simplement d\u00e9mocratique et uniquement focalis\u00e9 sur la conqu\u00eate des voix des 15 commissaires pour la pr\u00e9sidence de l\u2019institution \u00e9lectorale. De plus, dans le strict respect du Code \u00e9lectoral et en consid\u00e9rant les accords non \u00e9crits qui entrent en ligne de compte, il faut reconna\u00eetre que le d\u00e9bat a toujours \u00e9t\u00e9 malsain.<\/p>\n<p>Dans le fond, ces r\u00e9currents tiraillements interpellent la classe politique et de fa\u00e7on g\u00e9n\u00e9rale, les acteurs de la vie publique nationale sur une \u00e9vidence qu\u2019ils feignent d\u2019ignorer. Et pour cause, au lieu de poser clairement le probl\u00e8me, les Burkinab\u00e8 le contournent pour indexer l\u2019appartenance politique ou non du repr\u00e9sentant de la soci\u00e9t\u00e9 civile (religieux, coutumier ou association des d\u00e9fenses des droits humains) qui doit pr\u00e9sider la CENI. Si tant est que le foss\u00e9 de la m\u00e9fiance est si abyssal entre les trois composantes majeures de l\u2019institution (opposition, majorit\u00e9 et OSC), pourquoi ne pas mettre sur la table, la question qui f\u00e2che : la refonte de l\u2019institution ? Parce que, bien plus qu\u2019une r\u00e9forme, notre organe \u00e9lectoral a besoin d\u2019une refondation, pour aller sur des bases plus professionnelles et donc inattaquables. Ailleurs dans le monde, les d\u00e9mocraties ont d\u00e9pass\u00e9 l\u2019organisation de leurs scrutins qui d\u00e9bouche immanquablement sur des crises pr\u00e9 et\/ou post-\u00e9lectorales.<\/p>\n<p>Cela, simplement parce qu\u2019elles ont confi\u00e9 l\u2019organisation des \u00e9lections \u00e0 des professionnels. En un mot, le Burkina Faso pourrait explorer cette voie, en supprimant simplement la CENI et en cr\u00e9ant une administration \u00e9lectorale dont les agents auraient \u00e9t\u00e9 form\u00e9s pour faire le travail, de l\u2019enr\u00f4lement sur les listes \u00e9lectorales au vote et \u00e0 la proclamation des r\u00e9sultats provisoires. En plus des professionnels, des juges et autres universitaires pourraient \u00eatre membres. Si le pays prend l\u2019option d\u2019int\u00e9grer des repr\u00e9sentants de partis politiques, ces derniers pourraient ne pas avoir droit de vote sur les propositions. C\u2019est de cela que notre jeune d\u00e9mocratie a besoin pour se consolider en d\u00e9passant les sempiternelles querelles qui risquent, si rien n\u2019est fait, de la tirer vers le bas. N\u2019eussent \u00e9t\u00e9 les concessions qui ont pr\u00e9valu de part et d\u2019autre au soir des \u00e9lections coupl\u00e9es pr\u00e9sidentielle et l\u00e9gislatives du 22 novembre 2020, le Burkina Faso aurait pu basculer dans une crise post-\u00e9lectorale aux cons\u00e9quences incommensurables qui se seraient ajout\u00e9es aux crises s\u00e9curitaires, sanitaires et humanitaires que le pays traverse.<\/p>\n<p>Cela, au regard des \u00e9normes rat\u00e9s, constat\u00e9s le jour du scrutin dans plusieurs dizaines de bureaux de vote. Avec les \u00e9lections municipales \u00e0 venir, le risque de contestations et m\u00eame de violences est encore plus grand. Face aux difficult\u00e9s qui l\u2019assaillent de toutes parts, le Burkina n\u2019a pas besoin d\u2019une crise pour se remettre en cause. Aujourd\u2019hui cit\u00e9 parmi les pays exemplaires en mati\u00e8re de maturit\u00e9 d\u00e9mocratique, le pays des Hommes int\u00e8gres gagnerait \u00e0 aller jusqu\u2019au bout de ses efforts, pour s\u2019offrir une institution \u00e9lectorale durable, exempte des critiques. Ce ne sont pas des experts nationaux en la mati\u00e8re qui font d\u00e9faut.<\/p>\n<p style=\"text-align: right\"><strong>Jean-Marie TOE<\/strong><\/p>\n<p>L\u2019article <a rel=\"nofollow\" href=\"https:\/\/www.sidwaya.info\/blog\/2021\/07\/14\/la-necessite-dune-administration-electorale\/\">La n\u00e9cessit\u00e9 d\u2019une  administration \u00e9lectorale<\/a> est apparu en premier sur <a rel=\"nofollow\" href=\"https:\/\/www.sidwaya.info\/\">Quotidien Sidwaya<\/a>.<\/p>\n<\/div>\n<p>Auteur: BM. Sidwaya<br \/>\n<a href=\"https:\/\/www.sidwaya.info\/blog\/2021\/07\/14\/la-necessite-dune-administration-electorale\/\">Cliquez ici pour lire l&rsquo;article depuis sa source.<\/a><\/p>\n","protected":false},"excerpt":{"rendered":"<p>Le processus en cours pour l\u2019\u00e9lection du pr\u00e9sident de la Commission \u00e9lectorale nationale ind\u00e9pendante (CENI), a remis au go\u00fbt du jour le passionn\u00e9 et tr\u00e8s politis\u00e9 d\u00e9bat qui revient sous nos cieux chaque cinq ans, quand vient le moment de la d\u00e9signation des commissaires et du pr\u00e9sident de la commission. En soi, ces tractations sont [&hellip;]<\/p>\n","protected":false},"author":1816,"featured_media":0,"comment_status":"closed","ping_status":"closed","sticky":false,"template":"","format":"standard","meta":{"fifu_image_url":"","fifu_image_alt":"","footnotes":""},"categories":[73,81],"tags":[],"class_list":["post-121420","post","type-post","status-publish","format-standard","hentry","category-actualite","category-burkina-faso"],"_links":{"self":[{"href":"https:\/\/linitiative.ca\/International\/wp-json\/wp\/v2\/posts\/121420","targetHints":{"allow":["GET"]}}],"collection":[{"href":"https:\/\/linitiative.ca\/International\/wp-json\/wp\/v2\/posts"}],"about":[{"href":"https:\/\/linitiative.ca\/International\/wp-json\/wp\/v2\/types\/post"}],"author":[{"embeddable":true,"href":"https:\/\/linitiative.ca\/International\/wp-json\/wp\/v2\/users\/1816"}],"replies":[{"embeddable":true,"href":"https:\/\/linitiative.ca\/International\/wp-json\/wp\/v2\/comments?post=121420"}],"version-history":[{"count":0,"href":"https:\/\/linitiative.ca\/International\/wp-json\/wp\/v2\/posts\/121420\/revisions"}],"wp:attachment":[{"href":"https:\/\/linitiative.ca\/International\/wp-json\/wp\/v2\/media?parent=121420"}],"wp:term":[{"taxonomy":"category","embeddable":true,"href":"https:\/\/linitiative.ca\/International\/wp-json\/wp\/v2\/categories?post=121420"},{"taxonomy":"post_tag","embeddable":true,"href":"https:\/\/linitiative.ca\/International\/wp-json\/wp\/v2\/tags?post=121420"}],"curies":[{"name":"wp","href":"https:\/\/api.w.org\/{rel}","templated":true}]}}