{"id":121422,"date":"2021-07-14T11:18:02","date_gmt":"2021-07-14T15:18:02","guid":{"rendered":"https:\/\/linitiative.ca\/International\/ethiopie-des-refugies-erythreens-detenus-au-tigre\/"},"modified":"2021-07-14T11:18:02","modified_gmt":"2021-07-14T15:18:02","slug":"ethiopie-des-refugies-erythreens-detenus-au-tigre","status":"publish","type":"post","link":"https:\/\/linitiative.ca\/International\/ethiopie-des-refugies-erythreens-detenus-au-tigre\/","title":{"rendered":"Ethiopie : des r\u00e9fugi\u00e9s \u00e9rythr\u00e9ens d\u00e9tenus au Tigr\u00e9"},"content":{"rendered":"<div>\n<p><img loading=\"lazy\" decoding=\"async\" width=\"250\" height=\"200\" src=\"https:\/\/linitiative.ca\/International\/wp-content\/uploads\/sites\/23\/2021\/07\/16262758829572.jpg\" class=\"attachment-post-thumbnail size-post-thumbnail wp-post-image\" alt=\"\"><\/p>\n<p>Ils sont en d\u00e9tention pour des raisons leur implication pr\u00e9sum\u00e9e dans le conflit au Tigr\u00e9, a d\u00e9clar\u00e9 ce mardi Filippo Grandi, Haut-Commissaire des Nations Unies pour les r\u00e9fugi\u00e9s (HCR).\u00ab Nous avons des preuves cr\u00e9dibles que les forces du TPLF sont entr\u00e9es dans les camps de r\u00e9fugi\u00e9s de Mai Ayni et d&rsquo;Adi Harush et ont commis des attaques g\u00e9n\u00e9ralis\u00e9es contre les r\u00e9fugi\u00e9s \u00e9rythr\u00e9ens \u00bb, a dit M. Grandi.<\/p>\n<p>Il a demand\u00e9 aux responsables du TPLF \u00e0 Mekele de fournir des explications et de lib\u00e9rer imm\u00e9diatement les r\u00e9fugi\u00e9s.<\/p>\n<p>L&rsquo;agence onusienne a averti lundi dernier que des milliers de r\u00e9fugi\u00e9s \u00e9rythr\u00e9ens vivant dans la province du Tigr\u00e9, d\u00e9chir\u00e9e par le conflit, ont d\u00e9sesp\u00e9r\u00e9ment besoin d&rsquo;aide et de protection. Elle a \u00e9galement renouvel\u00e9 son appel au gouvernement \u00e9thiopien pour qu&rsquo;il puisse acc\u00e9der aux r\u00e9fugi\u00e9s.<\/p>\n<p>Avant le d\u00e9but de l&rsquo;offensive militaire \u00e9thiopienne dans le Tigr\u00e9, d\u00e9but novembre 2020, le HCR s&rsquo;occupait de quelque 96.000 r\u00e9fugi\u00e9s \u00e9rythr\u00e9ens dans quatre camps. Depuis lors, il a perdu le contr\u00f4le des camps et sa capacit\u00e9 \u00e0 fournir une aide essentielle aux r\u00e9fugi\u00e9s.<\/p>\n<p>Cet article <a rel=\"nofollow\" href=\"https:\/\/www.journalducameroun.com\/ethiopie-des-refugies-erythreens-detenus-au-tigre\/\">Ethiopie : des r\u00e9fugi\u00e9s \u00e9rythr\u00e9ens d\u00e9tenus au Tigr\u00e9<\/a> est apparu en premier sur <a rel=\"nofollow\" href=\"https:\/\/www.journalducameroun.com\/\">Journal du Cameroun<\/a>.<\/p>\n<\/div>\n<p>Auteur: APA News<br \/>\n<a href=\"https:\/\/www.journalducameroun.com\/ethiopie-des-refugies-erythreens-detenus-au-tigre\/\">Cliquez ici pour lire l&rsquo;article depuis sa source.<\/a><\/p>\n","protected":false},"excerpt":{"rendered":"<p>Ils sont en d\u00e9tention pour des raisons leur implication pr\u00e9sum\u00e9e dans le conflit au Tigr\u00e9, a d\u00e9clar\u00e9 ce mardi Filippo Grandi, Haut-Commissaire des Nations Unies pour les r\u00e9fugi\u00e9s (HCR).\u00ab Nous avons des preuves cr\u00e9dibles que les forces du TPLF sont entr\u00e9es dans les camps de r\u00e9fugi\u00e9s de Mai Ayni et d&rsquo;Adi Harush et ont commis [&hellip;]<\/p>\n","protected":false},"author":1965,"featured_media":0,"comment_status":"closed","ping_status":"closed","sticky":false,"template":"","format":"standard","meta":{"fifu_image_url":"https:\/\/www.journalducameroun.com\/wp-content\/uploads\/2021\/07\/16262758829572.jpg","fifu_image_alt":"Ethiopie : des r\u00e9fugi\u00e9s \u00e9rythr\u00e9ens d\u00e9tenus au Tigr\u00e9","footnotes":""},"categories":[73,82],"tags":[],"class_list":["post-121422","post","type-post","status-publish","format-standard","hentry","category-actualite","category-cameroun"],"_links":{"self":[{"href":"https:\/\/linitiative.ca\/International\/wp-json\/wp\/v2\/posts\/121422","targetHints":{"allow":["GET"]}}],"collection":[{"href":"https:\/\/linitiative.ca\/International\/wp-json\/wp\/v2\/posts"}],"about":[{"href":"https:\/\/linitiative.ca\/International\/wp-json\/wp\/v2\/types\/post"}],"author":[{"embeddable":true,"href":"https:\/\/linitiative.ca\/International\/wp-json\/wp\/v2\/users\/1965"}],"replies":[{"embeddable":true,"href":"https:\/\/linitiative.ca\/International\/wp-json\/wp\/v2\/comments?post=121422"}],"version-history":[{"count":0,"href":"https:\/\/linitiative.ca\/International\/wp-json\/wp\/v2\/posts\/121422\/revisions"}],"wp:attachment":[{"href":"https:\/\/linitiative.ca\/International\/wp-json\/wp\/v2\/media?parent=121422"}],"wp:term":[{"taxonomy":"category","embeddable":true,"href":"https:\/\/linitiative.ca\/International\/wp-json\/wp\/v2\/categories?post=121422"},{"taxonomy":"post_tag","embeddable":true,"href":"https:\/\/linitiative.ca\/International\/wp-json\/wp\/v2\/tags?post=121422"}],"curies":[{"name":"wp","href":"https:\/\/api.w.org\/{rel}","templated":true}]}}