{"id":121426,"date":"2021-07-14T12:18:02","date_gmt":"2021-07-14T16:18:02","guid":{"rendered":"https:\/\/linitiative.ca\/International\/20e-reconstitution-de-lida-14-chefs-detat-africains-attendus-a-abidjan\/"},"modified":"2021-07-14T12:18:02","modified_gmt":"2021-07-14T16:18:02","slug":"20e-reconstitution-de-lida-14-chefs-detat-africains-attendus-a-abidjan","status":"publish","type":"post","link":"https:\/\/linitiative.ca\/International\/20e-reconstitution-de-lida-14-chefs-detat-africains-attendus-a-abidjan\/","title":{"rendered":"20e Reconstitution de l\u2019IDA: 14 chefs d\u2019Etat africains attendus \u00e0 Abidjan"},"content":{"rendered":"<div>\n<p><img loading=\"lazy\" decoding=\"async\" width=\"720\" height=\"480\" src=\"https:\/\/linitiative.ca\/International\/wp-content\/uploads\/sites\/23\/2021\/07\/16262794823080.jpg\" class=\"attachment-post-thumbnail size-post-thumbnail wp-post-image\" alt=\"\" srcset=\"https:\/\/linitiative.ca\/International\/wp-content\/uploads\/sites\/23\/2021\/07\/16262794823080.jpg 720w, https:\/\/www.journalducameroun.com\/wp-content\/uploads\/2021\/07\/16262794823080-300x200.jpg 300w, https:\/\/www.journalducameroun.com\/wp-content\/uploads\/2021\/07\/16262794823080-660x440.jpg 660w, https:\/\/www.journalducameroun.com\/wp-content\/uploads\/2021\/07\/16262794823080-600x400.jpg 600w\" sizes=\"auto, (max-width: 720px) 100vw, 720px\"><\/p>\n<p>Quatorze (14) chefs d&rsquo;Etat africains sont attendus jeudi \u00e0 Abidjan dans le cadre de la r\u00e9union de haut niveau sur la 20e Reconstitution des ressources de l&rsquo;Association internationale de d\u00e9veloppement (IDA-20), selon une note de la pr\u00e9sidence ivoirienne.<\/p>\n<p>Cette reconstitution, dont la C\u00f4te d&rsquo;Ivoire accueillera les travaux le jeudi 15 juillet 2021, vise \u00e0 soutenir une relance forte suite \u00e0 la crise engendr\u00e9e par la pand\u00e9mie de la Covid-19 et \u00e0 aider le continent africain \u00e0 poursuivre sa transformation \u00e9conomique. \u00a0<\/p>\n<p>Plusieurs chefs d&rsquo;Etat et de gouvernement sont annonc\u00e9s \u00e0 cette r\u00e9union de haut niveau, notamment Patrice Talon (B\u00e9nin), Roch Marc Kabor\u00e9 (Burkina Faso), Sahle-Work Zewde (Ethiopie), Alpha Cond\u00e9 (Guin\u00e9e), Umaro Sissoco Embalo (Guin\u00e9e-Bissau) et George Weah (Liberia).<\/p>\n<p>Prendront part \u00e9galement \u00e0 cette session M. Andry Rajoelina (Madagascar), Mohamed Ould El-Ghazouani (Mauritanie), Filipe Niusy (Mozambique), Mohamed Bazoum (Niger), Paul Kagam\u00e9 (Rwanda), Macky Sall (S\u00e9n\u00e9gal), Abdallah Hamdok (Soudan) et Faure Gnassingb\u00e9 (Togo).<\/p>\n<p>Selon cette note, interviendront \u00e0 l&rsquo;ouverture de la r\u00e9union M. Axel Van Trotsenburg, directeur des op\u00e9rations de la Banque mondiale et M. Makhtar Diop, directeur g\u00e9n\u00e9ral de la Soci\u00e9t\u00e9 financi\u00e8re internationale (SFI), sur le financement de la relance \u00e9conomique, du capital humain et de l&#8217;emploi. \u00a0\u00a0<\/p>\n<p>Les allocutions du pr\u00e9sident de la Commission de l&rsquo;Union africaine, M. Moussa Faki Mahamat et le discours d&rsquo;ouverture du pr\u00e9sident Alassane Ouattara, inscrites dans le d\u00e9roul\u00e9 de la r\u00e9union, ouvriront officiellement les d\u00e9bats. \u00a0<\/p>\n<p>Les chefs d&rsquo;Etat et les chefs de d\u00e9l\u00e9gation se retrouveront ensuite pour une session \u00e0 huis clos portant sur les priorit\u00e9s de d\u00e9veloppement, l&rsquo;impact de la Covid-19, le plan de relance \u00e9conomique, les besoins de financement des Etats, le r\u00f4le de l&rsquo;IDA-20 et le partage d&rsquo;exp\u00e9riences, poursuit la note.<\/p>\n<p>Au terme des discussions entre les chefs d&rsquo;Etat africains, les responsables de l&rsquo;IDA et d&rsquo;organisations partenaires, il est pr\u00e9vu en d\u00e9but d&rsquo;apr\u00e8s-midi une c\u00e9r\u00e9monie de cl\u00f4ture au cours de laquelle une d\u00e9claration dite \u00ab la d\u00e9claration d&rsquo;Abidjan \u00bb qui sera lue, viendra mettre fin \u00e0 la r\u00e9union. \u00a0<\/p>\n<p>L&rsquo;IDA, une institution du Groupe de la Banque mondiale, est l&rsquo;une des plus importantes sources de financement pour lutter contre l&rsquo;extr\u00eame pauvret\u00e9 dans les pays aux revenus les plus faibles du monde. Elle accorde des pr\u00eats et des subventions \u00e0 taux z\u00e9ro ou faible \u00e0 ces pays.<\/p>\n<p>L&rsquo;objectif de ce m\u00e9canisme de financement est de stimuler la croissance \u00e9conomique, de renforcer la r\u00e9silience et d&rsquo;am\u00e9liorer la vie des pauvres dans le monde. Depuis 1960, l&rsquo;IDA a fourni environ 422 milliards de dollars US pour des investissements dans 114 pays.<\/p>\n<p>Cet article <a rel=\"nofollow\" href=\"https:\/\/www.journalducameroun.com\/20e-reconstitution-de-lida-14-chefs-detat-africains-attendus-a-abidjan\/\">20e Reconstitution de l\u2019IDA: 14 chefs d\u2019Etat africains attendus \u00e0 Abidjan<\/a> est apparu en premier sur <a rel=\"nofollow\" href=\"https:\/\/www.journalducameroun.com\/\">Journal du Cameroun<\/a>.<\/p>\n<\/div>\n<p>Auteur: APA News<br \/>\n<a href=\"https:\/\/www.journalducameroun.com\/20e-reconstitution-de-lida-14-chefs-detat-africains-attendus-a-abidjan\/\">Cliquez ici pour lire l&rsquo;article depuis sa source.<\/a><\/p>\n","protected":false},"excerpt":{"rendered":"<p>Quatorze (14) chefs d&rsquo;Etat africains sont attendus jeudi \u00e0 Abidjan dans le cadre de la r\u00e9union de haut niveau sur la 20e Reconstitution des ressources de l&rsquo;Association internationale de d\u00e9veloppement (IDA-20), selon une note de la pr\u00e9sidence ivoirienne. Cette reconstitution, dont la C\u00f4te d&rsquo;Ivoire accueillera les travaux le jeudi 15 juillet 2021, vise \u00e0 soutenir [&hellip;]<\/p>\n","protected":false},"author":1965,"featured_media":0,"comment_status":"closed","ping_status":"closed","sticky":false,"template":"","format":"standard","meta":{"fifu_image_url":"https:\/\/www.journalducameroun.com\/wp-content\/uploads\/2021\/07\/16262794823080.jpg","fifu_image_alt":"20e Reconstitution de l\u2019IDA: 14 chefs d\u2019Etat africains attendus \u00e0 Abidjan","footnotes":""},"categories":[73,82],"tags":[],"class_list":["post-121426","post","type-post","status-publish","format-standard","hentry","category-actualite","category-cameroun"],"_links":{"self":[{"href":"https:\/\/linitiative.ca\/International\/wp-json\/wp\/v2\/posts\/121426","targetHints":{"allow":["GET"]}}],"collection":[{"href":"https:\/\/linitiative.ca\/International\/wp-json\/wp\/v2\/posts"}],"about":[{"href":"https:\/\/linitiative.ca\/International\/wp-json\/wp\/v2\/types\/post"}],"author":[{"embeddable":true,"href":"https:\/\/linitiative.ca\/International\/wp-json\/wp\/v2\/users\/1965"}],"replies":[{"embeddable":true,"href":"https:\/\/linitiative.ca\/International\/wp-json\/wp\/v2\/comments?post=121426"}],"version-history":[{"count":0,"href":"https:\/\/linitiative.ca\/International\/wp-json\/wp\/v2\/posts\/121426\/revisions"}],"wp:attachment":[{"href":"https:\/\/linitiative.ca\/International\/wp-json\/wp\/v2\/media?parent=121426"}],"wp:term":[{"taxonomy":"category","embeddable":true,"href":"https:\/\/linitiative.ca\/International\/wp-json\/wp\/v2\/categories?post=121426"},{"taxonomy":"post_tag","embeddable":true,"href":"https:\/\/linitiative.ca\/International\/wp-json\/wp\/v2\/tags?post=121426"}],"curies":[{"name":"wp","href":"https:\/\/api.w.org\/{rel}","templated":true}]}}