{"id":121428,"date":"2021-07-14T13:18:01","date_gmt":"2021-07-14T17:18:01","guid":{"rendered":"https:\/\/linitiative.ca\/International\/la-banque-mondiale-soutiendra-la-vision-2030-de-la-cote-divoire\/"},"modified":"2021-07-14T13:18:01","modified_gmt":"2021-07-14T17:18:01","slug":"la-banque-mondiale-soutiendra-la-vision-2030-de-la-cote-divoire","status":"publish","type":"post","link":"https:\/\/linitiative.ca\/International\/la-banque-mondiale-soutiendra-la-vision-2030-de-la-cote-divoire\/","title":{"rendered":"La Banque mondiale soutiendra la \u00ab\u00a0Vision 2030\u00a0\u00bb de la C\u00f4te d\u2019Ivoire"},"content":{"rendered":"<div>\n<p><img loading=\"lazy\" decoding=\"async\" width=\"1600\" height=\"1028\" src=\"https:\/\/linitiative.ca\/International\/wp-content\/uploads\/sites\/23\/2021\/07\/16262830825230.jpg\" class=\"attachment-post-thumbnail size-post-thumbnail wp-post-image\" alt=\"\" srcset=\"https:\/\/linitiative.ca\/International\/wp-content\/uploads\/sites\/23\/2021\/07\/16262830825230.jpg 1600w, https:\/\/www.journalducameroun.com\/wp-content\/uploads\/2021\/07\/16262830825230-300x193.jpg 300w, https:\/\/www.journalducameroun.com\/wp-content\/uploads\/2021\/07\/16262830825230-768x493.jpg 768w, https:\/\/www.journalducameroun.com\/wp-content\/uploads\/2021\/07\/16262830825230-1024x658.jpg 1024w, https:\/\/www.journalducameroun.com\/wp-content\/uploads\/2021\/07\/16262830825230-685x440.jpg 685w, https:\/\/www.journalducameroun.com\/wp-content\/uploads\/2021\/07\/16262830825230-600x386.jpg 600w\" sizes=\"auto, (max-width: 1600px) 100vw, 1600px\"><\/p>\n<p>Le Groupe de la Banque mondiale soutiendra la mise en \u0153uvre du programme de d\u00e9veloppement \u00ab\u00a0Vision 2030\u00a0\u00bb de la C\u00f4te d&rsquo;Ivoire.<\/p>\n<p>L&rsquo;annonce a \u00e9t\u00e9 fait, mercredi \u00e0 Abidjan, par son Directeur g\u00e9n\u00e9ral des Op\u00e9rations de la Banque mondiale, Axel van Trotsenburg \u00e0 l&rsquo;issue d&rsquo;une audience avec \u00a0le Premier ministre Patrick Achi et de la signature d&rsquo;accords relatif au Projet de Promotion des cha\u00eenes de valeur comp\u00e9titives pour l&#8217;emploi et la transformation \u00e9conomique (PCCET).<\/p>\n<p>\u00abAujourd&rsquo;hui, nous avons sign\u00e9 un accord de 200 millions de dollars qui vise \u00e0 promouvoir l&#8217;emploi. Nous voulons accompagner activement la C\u00f4te d&rsquo;Ivoire dans la mise en \u0153uvre du programme pr\u00e9sidentiel \u00ab\u00a0Vison 2030\u00a0\u00bb, en vue de la transformation structurelle du pays \u00bb, a expliqu\u00e9 Van Trotsenburg, cit\u00e9 par une note d&rsquo;information du Centre d&rsquo;information et de la communication gouvernementale (CICG).<\/p>\n<p>Le Directeur g\u00e9n\u00e9ral des Op\u00e9rations de la Banque mondiale a par ailleurs soulign\u00e9 l&rsquo;excellence des relations entre son institution et la C\u00f4te d&rsquo;Ivoire.<\/p>\n<p>Le Chef du gouvernement ivoirien a salu\u00e9 l&rsquo;engagement du Groupe de la Banque mondiale aupr\u00e8s de la C\u00f4te d&rsquo;Ivoire et rappel\u00e9 les performances \u00e9conomiques extraordinaires obtenues par le pays ces derni\u00e8res ann\u00e9es.<\/p>\n<p>Afin de maximiser les effets de cette croissance, a-t-il dit, la C\u00f4te d&rsquo;Ivoire devra cr\u00e9er davantage d&#8217;emplois de meilleure qualit\u00e9 et plus productifs, notamment dans le secteur de l&rsquo;agriculture et dans l&rsquo;agro-industrie, au profit des femmes et des jeunes. Toute chose qui justifie, selon lui, cet appui financier de la Banque mondiale.<\/p>\n<p>Apr\u00e8s la signature de l&rsquo;accord de financement avec le ministre ivoirien de l&rsquo;\u00c9conomie et des Finances, Adama Coulibaly, la Directrice des Op\u00e9rations de la Banque mondiale en C\u00f4te d&rsquo;Ivoire, Coralie Gevers, a \u00e9galement paraph\u00e9 l&rsquo;accord de projet avec la partie ivoirienne repr\u00e9sent\u00e9e par le Directeur G\u00e9n\u00e9ral de la Caisse de D\u00e9p\u00f4t et de Consignation, Lassina Fofana.<\/p>\n<p>Cet article <a rel=\"nofollow\" href=\"https:\/\/www.journalducameroun.com\/la-banque-mondiale-soutiendra-la-vision-2030-de-la-cote-divoire\/\">La Banque mondiale soutiendra la \u00ab\u00a0Vision 2030\u00a0\u00bb de la C\u00f4te d\u2019Ivoire<\/a> est apparu en premier sur <a rel=\"nofollow\" href=\"https:\/\/www.journalducameroun.com\/\">Journal du Cameroun<\/a>.<\/p>\n<\/div>\n<p>Auteur: APA News<br \/>\n<a href=\"https:\/\/www.journalducameroun.com\/la-banque-mondiale-soutiendra-la-vision-2030-de-la-cote-divoire\/\">Cliquez ici pour lire l&rsquo;article depuis sa source.<\/a><\/p>\n","protected":false},"excerpt":{"rendered":"<p>Le Groupe de la Banque mondiale soutiendra la mise en \u0153uvre du programme de d\u00e9veloppement \u00ab\u00a0Vision 2030\u00a0\u00bb de la C\u00f4te d&rsquo;Ivoire. L&rsquo;annonce a \u00e9t\u00e9 fait, mercredi \u00e0 Abidjan, par son Directeur g\u00e9n\u00e9ral des Op\u00e9rations de la Banque mondiale, Axel van Trotsenburg \u00e0 l&rsquo;issue d&rsquo;une audience avec \u00a0le Premier ministre Patrick Achi et de la signature [&hellip;]<\/p>\n","protected":false},"author":1965,"featured_media":0,"comment_status":"closed","ping_status":"closed","sticky":false,"template":"","format":"standard","meta":{"fifu_image_url":"https:\/\/www.journalducameroun.com\/wp-content\/uploads\/2021\/07\/16262830825230.jpg","fifu_image_alt":"La Banque mondiale soutiendra la \u00ab\u00a0Vision 2030\u00a0\u00bb de la C\u00f4te d\u2019Ivoire","footnotes":""},"categories":[73,82],"tags":[],"class_list":["post-121428","post","type-post","status-publish","format-standard","hentry","category-actualite","category-cameroun"],"_links":{"self":[{"href":"https:\/\/linitiative.ca\/International\/wp-json\/wp\/v2\/posts\/121428","targetHints":{"allow":["GET"]}}],"collection":[{"href":"https:\/\/linitiative.ca\/International\/wp-json\/wp\/v2\/posts"}],"about":[{"href":"https:\/\/linitiative.ca\/International\/wp-json\/wp\/v2\/types\/post"}],"author":[{"embeddable":true,"href":"https:\/\/linitiative.ca\/International\/wp-json\/wp\/v2\/users\/1965"}],"replies":[{"embeddable":true,"href":"https:\/\/linitiative.ca\/International\/wp-json\/wp\/v2\/comments?post=121428"}],"version-history":[{"count":0,"href":"https:\/\/linitiative.ca\/International\/wp-json\/wp\/v2\/posts\/121428\/revisions"}],"wp:attachment":[{"href":"https:\/\/linitiative.ca\/International\/wp-json\/wp\/v2\/media?parent=121428"}],"wp:term":[{"taxonomy":"category","embeddable":true,"href":"https:\/\/linitiative.ca\/International\/wp-json\/wp\/v2\/categories?post=121428"},{"taxonomy":"post_tag","embeddable":true,"href":"https:\/\/linitiative.ca\/International\/wp-json\/wp\/v2\/tags?post=121428"}],"curies":[{"name":"wp","href":"https:\/\/api.w.org\/{rel}","templated":true}]}}