{"id":121430,"date":"2021-07-14T14:18:02","date_gmt":"2021-07-14T18:18:02","guid":{"rendered":"https:\/\/linitiative.ca\/International\/plus-de-110-milliards-fcfa-de-la-bm-a-la-cote-divoire-pour-promouvoir-lemploi\/"},"modified":"2021-07-14T14:18:02","modified_gmt":"2021-07-14T18:18:02","slug":"plus-de-110-milliards-fcfa-de-la-bm-a-la-cote-divoire-pour-promouvoir-lemploi","status":"publish","type":"post","link":"https:\/\/linitiative.ca\/International\/plus-de-110-milliards-fcfa-de-la-bm-a-la-cote-divoire-pour-promouvoir-lemploi\/","title":{"rendered":"Plus de 110 milliards Fcfa de la BM \u00e0 la C\u00f4te d\u2019Ivoire pour promouvoir l\u2019emploi"},"content":{"rendered":"<div>\n<p><img loading=\"lazy\" decoding=\"async\" width=\"1600\" height=\"964\" src=\"https:\/\/linitiative.ca\/International\/wp-content\/uploads\/sites\/23\/2021\/07\/16262866828151.jpg\" class=\"attachment-post-thumbnail size-post-thumbnail wp-post-image\" alt=\"\" srcset=\"https:\/\/linitiative.ca\/International\/wp-content\/uploads\/sites\/23\/2021\/07\/16262866828151.jpg 1600w, https:\/\/www.journalducameroun.com\/wp-content\/uploads\/2021\/07\/16262866828151-300x181.jpg 300w, https:\/\/www.journalducameroun.com\/wp-content\/uploads\/2021\/07\/16262866828151-768x463.jpg 768w, https:\/\/www.journalducameroun.com\/wp-content\/uploads\/2021\/07\/16262866828151-1024x617.jpg 1024w, https:\/\/www.journalducameroun.com\/wp-content\/uploads\/2021\/07\/16262866828151-730x440.jpg 730w, https:\/\/www.journalducameroun.com\/wp-content\/uploads\/2021\/07\/16262866828151-600x362.jpg 600w\" sizes=\"auto, (max-width: 1600px) 100vw, 1600px\"><\/p>\n<p>L&rsquo;\u00c9tat de C\u00f4te d&rsquo;Ivoire et la  Banque mondiale (BM) ont sign\u00e9 mercredi un accord de 200 millions de dollars (110,9 milliards Fcfa) visant \u00e0 promouvoir l&#8217;emploi dans le pays.<\/p>\n<p>\u00ab\u00a0Aujourd&rsquo;hui, nous avons sign\u00e9 un accord de 200 millions de dollars qui vise \u00e0 promouvoir l&#8217;emploi\u00a0\u00bb, a d\u00e9clar\u00e9 le directeur g\u00e9n\u00e9ral des op\u00e9rations de la Banque mondiale, Axel Van Trotsenburg. \u00a0<\/p>\n<p>\u00ab\u00a0Nous voulons accompagner activement la C\u00f4te d&rsquo;Ivoire dans la mise en \u0153uvre du programme pr\u00e9sidentiel Vison 2030 en vue de la transformation structurelle du pays\u00a0\u00bb, a ajout\u00e9 M. Axel Van Trotsenburg.<\/p>\n<p>La signature de cet accord intervient dans le cadre du Projet de promotion des cha\u00eenes de valeur comp\u00e9titives pour l&#8217;emploi et la transformation \u00e9conomique (PCCET).\u00a0<\/p>\n<p>Le Premier ministre ivoirien, Patrick Achi, s&rsquo;est r\u00e9joui de cet appui de l&rsquo;institution financi\u00e8re internationale qui vise \u00e0 relancer l&rsquo;\u00e9conomie du pays, impact\u00e9 par la Covid-19. \u00a0<\/p>\n<p>Avec ce fonds, la C\u00f4te d&rsquo;Ivoire devrait cr\u00e9er davantage d&#8217;emplois d\u00e9cents et plus productifs dans le secteur de l&rsquo;agriculture et de l&rsquo;agro-industrie. \u00a0<\/p>\n<p>La partie ivoirienne \u00e9tait repr\u00e9sent\u00e9e par le ministre ivoirien de l&rsquo;\u00c9conomie et des Finances, Adama Coulibaly, qui a paraph\u00e9 l&rsquo;accord de financement avec la directrice des Op\u00e9rations de la Banque mondiale en C\u00f4te d&rsquo;Ivoire, Coralie Gevers.<\/p>\n<p>Le directeur g\u00e9n\u00e9ral de la Caisse de d\u00e9p\u00f4t et de consignation de C\u00f4te d&rsquo;Ivoire, Lassina Fofana,\u00a0a \u00e9galement paraph\u00e9 l&rsquo;accord de financement accord\u00e9 par l&rsquo;Association internationale de d\u00e9veloppement (IDA).\u00a0<\/p>\n<p>M. Axel Van Trotsenburg prendra part jeudi \u00a0\u00e0 Abidjan au Sommet des chefs d&rsquo;Etat africains sur la 20e reconstitution des fonds IDA en vue d&rsquo;une relance r\u00e9siliente \u00e0 la crise \u00e9conomique de la Covid-19 et aider le continent \u00e0 poursuivre sa transformation \u00e9conomique.<\/p>\n<p>Cet article <a rel=\"nofollow\" href=\"https:\/\/www.journalducameroun.com\/plus-de-110-milliards-fcfa-de-la-bm-a-la-cote-divoire-pour-promouvoir-lemploi\/\">Plus de 110 milliards Fcfa de la BM \u00e0 la C\u00f4te d\u2019Ivoire pour promouvoir l\u2019emploi<\/a> est apparu en premier sur <a rel=\"nofollow\" href=\"https:\/\/www.journalducameroun.com\/\">Journal du Cameroun<\/a>.<\/p>\n<\/div>\n<p>Auteur: APA News<br \/>\n<a href=\"https:\/\/www.journalducameroun.com\/plus-de-110-milliards-fcfa-de-la-bm-a-la-cote-divoire-pour-promouvoir-lemploi\/\">Cliquez ici pour lire l&rsquo;article depuis sa source.<\/a><\/p>\n","protected":false},"excerpt":{"rendered":"<p>L&rsquo;\u00c9tat de C\u00f4te d&rsquo;Ivoire et la Banque mondiale (BM) ont sign\u00e9 mercredi un accord de 200 millions de dollars (110,9 milliards Fcfa) visant \u00e0 promouvoir l&#8217;emploi dans le pays. \u00ab\u00a0Aujourd&rsquo;hui, nous avons sign\u00e9 un accord de 200 millions de dollars qui vise \u00e0 promouvoir l&#8217;emploi\u00a0\u00bb, a d\u00e9clar\u00e9 le directeur g\u00e9n\u00e9ral des op\u00e9rations de la Banque [&hellip;]<\/p>\n","protected":false},"author":1965,"featured_media":0,"comment_status":"closed","ping_status":"closed","sticky":false,"template":"","format":"standard","meta":{"fifu_image_url":"https:\/\/www.journalducameroun.com\/wp-content\/uploads\/2021\/07\/16262866828151.jpg","fifu_image_alt":"Plus de 110 milliards Fcfa de la BM \u00e0 la C\u00f4te d\u2019Ivoire pour promouvoir l\u2019emploi","footnotes":""},"categories":[73,82],"tags":[],"class_list":["post-121430","post","type-post","status-publish","format-standard","hentry","category-actualite","category-cameroun"],"_links":{"self":[{"href":"https:\/\/linitiative.ca\/International\/wp-json\/wp\/v2\/posts\/121430","targetHints":{"allow":["GET"]}}],"collection":[{"href":"https:\/\/linitiative.ca\/International\/wp-json\/wp\/v2\/posts"}],"about":[{"href":"https:\/\/linitiative.ca\/International\/wp-json\/wp\/v2\/types\/post"}],"author":[{"embeddable":true,"href":"https:\/\/linitiative.ca\/International\/wp-json\/wp\/v2\/users\/1965"}],"replies":[{"embeddable":true,"href":"https:\/\/linitiative.ca\/International\/wp-json\/wp\/v2\/comments?post=121430"}],"version-history":[{"count":0,"href":"https:\/\/linitiative.ca\/International\/wp-json\/wp\/v2\/posts\/121430\/revisions"}],"wp:attachment":[{"href":"https:\/\/linitiative.ca\/International\/wp-json\/wp\/v2\/media?parent=121430"}],"wp:term":[{"taxonomy":"category","embeddable":true,"href":"https:\/\/linitiative.ca\/International\/wp-json\/wp\/v2\/categories?post=121430"},{"taxonomy":"post_tag","embeddable":true,"href":"https:\/\/linitiative.ca\/International\/wp-json\/wp\/v2\/tags?post=121430"}],"curies":[{"name":"wp","href":"https:\/\/api.w.org\/{rel}","templated":true}]}}