{"id":121432,"date":"2021-07-14T11:25:53","date_gmt":"2021-07-14T15:25:53","guid":{"rendered":"https:\/\/linitiative.ca\/International\/albert-kouinche-construit-un-hotel-4-etoiles-a-yaounde-sous-la-marque-le-meridien\/"},"modified":"2021-07-14T11:25:53","modified_gmt":"2021-07-14T15:25:53","slug":"albert-kouinche-construit-un-hotel-4-etoiles-a-yaounde-sous-la-marque-le-meridien","status":"publish","type":"post","link":"https:\/\/linitiative.ca\/International\/albert-kouinche-construit-un-hotel-4-etoiles-a-yaounde-sous-la-marque-le-meridien\/","title":{"rendered":"Albert Kouinche construit un h\u00f4tel 4 \u00e9toiles \u00e0 Yaound\u00e9, sous la marque Le M\u00e9ridien"},"content":{"rendered":"<div>\n<p>En plein c\u0153ur de la capitale Yaound\u00e9, l\u2019entreprise\u00a0<strong>Nofik\u00a0H\u00f4tels &amp;\u00a0Tourism<\/strong>\u00a0fond\u00e9e par l\u2019homme d\u2019affaires camerounais Albert Kouinche, construit depuis plus d\u2019un an un h\u00f4tel 4 \u00e9toiles. L\u2019\u00e9tablissement devrait \u00eatre op\u00e9rationnel d\u2019ici 2023 et sera g\u00e9r\u00e9e sous la marque Le M\u00e9ridien. La convention de gestion a \u00e9t\u00e9 sign\u00e9e le 12 juillet dernier \u00e0 Yaound\u00e9 entre No\u00eblle Julianna Kouinche Kamva, fille d\u2019Albert Kouinche et g\u00e9rante de Nofik Hotels &amp; Tourism, et la Nig\u00e9riane\u00a0Dami Adepojudirectrice du d\u00e9veloppement Afrique de l\u2019Ouest du groupe h\u00f4telier am\u00e9ricain Marriott, qui d\u00e9tient les enseignes Le M\u00e9ridien.<\/p>\n<p><strong>Lire aussi<\/strong> : <strong><a href=\"https:\/\/ecomatin.net\/secteur-hotelier-apress-douala-le-groupe-marriott-va-simplanterr-a-yaounde\/\">Secteur h\u00f4telier : apr\u00e8s Douala, le groupe Marriott va s\u2019implanter \u00e0 Yaound\u00e9<\/a><\/strong><\/p>\n<p>Construit sur financement de la Commercial Bank Cameroun (CBC)et d\u2019une banque europ\u00e9enne dont l\u2019identit\u00e9 n\u2019a pas \u00e9t\u00e9 d\u00e9voil\u00e9e, le tout premier H\u00f4tel Le M\u00e9ridien de Yaound\u00e9 disposera d\u2019une capacit\u00e9 de 155 chambres, de 14 suites, de trois salles de conf\u00e9rences, d\u2019une salle des f\u00eates et s\u2019\u00e9l\u00e8vera sur 13 \u00e9tages, avec deux parcs souterrains. C\u2019est le deuxi\u00e8me qui sera g\u00e9r\u00e9 en franchise par le leader mondial du secteur h\u00f4telier apr\u00e8s le complexe h\u00f4telier du Lac dont la pose de la premi\u00e8re pierre a eu lieu le 25 juin dernier en pr\u00e9sence du 1<sup>er<\/sup>\u00a0ministre, Joseph Dion Ngute. \u00a0<\/p>\n<p><strong>Lire aussi<\/strong> :\u00a0<strong><a href=\"https:\/\/ecomatin.net\/le-groupe-hotelier-marriot-va-construire-un-hotel-5-etoiles-a-douala\/\">Le groupe h\u00f4telier Marriot va construire un h\u00f4tel 5 \u00e9toiles \u00e0 Douala<\/a><\/strong><\/p>\n<p>C\u2019est donc un grand coup pour le patron d\u2019Express Union, leader du transfert physique d\u2019argent au Cameroun, et dont les activit\u00e9s ont \u00e9t\u00e9 quelque peu bouscul\u00e9es par la concurrence f\u00e9roce du mobile money. Outre le Cameroun, Express Union reste pr\u00e9sent en Afrique centrale (Gabon, Congo, Centrafrique, RD Congo et Rwanda) et de l\u2019Ouest (C\u00f4te d\u2019Ivoire, S\u00e9n\u00e9gal, Burkina Faso, Guin\u00e9e, Togo, Mali et Niger), ainsi qu\u2019en France, en Suisse et au Canada.\u00a0Le d\u00e9put\u00e9 du Rassemblement d\u00e9mocratique du peuple camerounais poss\u00e8de \u00e9galement des participations \u00e0 Banque Atlantique Cameroun et Atlantique Assurance Cameroun. Par ailleurs, l\u2019ancien cadre du Cr\u00e9dit foncier camerounais est copropri\u00e9taire d\u2019une soci\u00e9t\u00e9 civile immobili\u00e8re de construction-vente d\u00e9nomm\u00e9e Nofik C\u00f4te d\u2019Ivoire.<\/p>\n<p><strong>Lire aussi<\/strong> : <strong><a href=\"https:\/\/ecomatin.net\/radisson-blu-hotel-de-douala-les-travaux-avancent-sereinement\/\">Radisson Blu h\u00f4tel de Douala : les travaux avancent sereinement<\/a><\/strong><\/p>\n<p>L\u2019article <a rel=\"nofollow\" href=\"https:\/\/ecomatin.net\/albert-kouinche-consstruit-un-hotel-4-etoiless-a-yaounde-souss-la-marque-le-meridien\/\">Albert Kouinche construit un h\u00f4tel 4 \u00e9toiles \u00e0 Yaound\u00e9, sous la marque Le M\u00e9ridien<\/a> est apparu en premier sur <a rel=\"nofollow\" href=\"https:\/\/ecomatin.net\/\">EcoMatin<\/a>.<\/p>\n<\/div>\n<p>Auteur: Cedrick JIONGO<br \/>\n<a href=\"https:\/\/ecomatin.net\/albert-kouinche-consstruit-un-hotel-4-etoiless-a-yaounde-souss-la-marque-le-meridien\/\">Cliquez ici pour lire l&rsquo;article depuis sa source.<\/a><\/p>\n","protected":false},"excerpt":{"rendered":"<p>En plein c\u0153ur de la capitale Yaound\u00e9, l\u2019entreprise\u00a0Nofik\u00a0H\u00f4tels &amp;\u00a0Tourism\u00a0fond\u00e9e par l\u2019homme d\u2019affaires camerounais Albert Kouinche, construit depuis plus d\u2019un an un h\u00f4tel 4 \u00e9toiles. L\u2019\u00e9tablissement devrait \u00eatre op\u00e9rationnel d\u2019ici 2023 et sera g\u00e9r\u00e9e sous la marque Le M\u00e9ridien. La convention de gestion a \u00e9t\u00e9 sign\u00e9e le 12 juillet dernier \u00e0 Yaound\u00e9 entre No\u00eblle Julianna Kouinche [&hellip;]<\/p>\n","protected":false},"author":1969,"featured_media":0,"comment_status":"closed","ping_status":"closed","sticky":false,"template":"","format":"standard","meta":{"fifu_image_url":"","fifu_image_alt":"","footnotes":""},"categories":[82,78],"tags":[],"class_list":["post-121432","post","type-post","status-publish","format-standard","hentry","category-cameroun","category-economie"],"_links":{"self":[{"href":"https:\/\/linitiative.ca\/International\/wp-json\/wp\/v2\/posts\/121432","targetHints":{"allow":["GET"]}}],"collection":[{"href":"https:\/\/linitiative.ca\/International\/wp-json\/wp\/v2\/posts"}],"about":[{"href":"https:\/\/linitiative.ca\/International\/wp-json\/wp\/v2\/types\/post"}],"author":[{"embeddable":true,"href":"https:\/\/linitiative.ca\/International\/wp-json\/wp\/v2\/users\/1969"}],"replies":[{"embeddable":true,"href":"https:\/\/linitiative.ca\/International\/wp-json\/wp\/v2\/comments?post=121432"}],"version-history":[{"count":0,"href":"https:\/\/linitiative.ca\/International\/wp-json\/wp\/v2\/posts\/121432\/revisions"}],"wp:attachment":[{"href":"https:\/\/linitiative.ca\/International\/wp-json\/wp\/v2\/media?parent=121432"}],"wp:term":[{"taxonomy":"category","embeddable":true,"href":"https:\/\/linitiative.ca\/International\/wp-json\/wp\/v2\/categories?post=121432"},{"taxonomy":"post_tag","embeddable":true,"href":"https:\/\/linitiative.ca\/International\/wp-json\/wp\/v2\/tags?post=121432"}],"curies":[{"name":"wp","href":"https:\/\/api.w.org\/{rel}","templated":true}]}}