{"id":121436,"date":"2021-07-14T12:48:49","date_gmt":"2021-07-14T16:48:49","guid":{"rendered":"https:\/\/linitiative.ca\/International\/cimencam-de-nouveaux-dirigeants-pour-le-conseil-dadministration\/"},"modified":"2021-07-14T12:48:49","modified_gmt":"2021-07-14T16:48:49","slug":"cimencam-de-nouveaux-dirigeants-pour-le-conseil-dadministration","status":"publish","type":"post","link":"https:\/\/linitiative.ca\/International\/cimencam-de-nouveaux-dirigeants-pour-le-conseil-dadministration\/","title":{"rendered":"Cimencam : De nouveaux dirigeants pour le Conseil d\u2019administration"},"content":{"rendered":"<div>\n<p>Une nouvelle \u00e9quipe, une nouvelle dynamique pour relever les nouveaux d\u00e9fis pour les Cimenteries du Cameroun (Cimencam). Le 13 juillet 2021, le ministre des Mines, de l\u2019industrie et du D\u00e9veloppement technologie (Minmidt), Gabriel Dodo Ndoke, a install\u00e9 un nouveau duo \u00e0 la t\u00eate de l\u2019organe de pilotage strat\u00e9gique de la Cimencam. Ch\u00e9tif de corps, le visage sto\u00efque, Jacques Yves Mbelle Ndoe est depuis la journ\u00e9e du 13 juillet 2021, le nouveau pr\u00e9sident du conseil d\u2019administration de la premi\u00e8re cimenterie nationale, qui revendique une place de leader du march\u00e9 camerounais. Il est second\u00e9 dans ses nouvelles missions par Ali Fassi Fihri en qualit\u00e9 de vice-pr\u00e9sident. \u00ab Le Docteur Jacques Yves Mbelle Ndoe \u00e9tait jusqu\u2019\u00e0 ce jour repr\u00e9sentant de la PRC [pr\u00e9sidence de la R\u00e9publique, Ndlr] dans ledit Conseil.\u00a0Il remplace \u00e0 ce poste le Professeur Pierre Moukoko Mbonjo\u00a0\u00bb, indique les services de ce d\u00e9partement minist\u00e9riel. Le ministre des Mines a soulign\u00e9 que ces nominations interviennent dans un contexte marqu\u00e9 par le d\u00e9fi d\u2019un renforcement du tissu industriel Camerounais.<\/p>\n<p><strong>Lire aussi<\/strong> : <a href=\"https:\/\/ecomatin.net\/materiaux-de-construction-le-gouvernement-accuse-cimencam-dentretenir-linflation-autour-du-ciment\/\"><strong>Mat\u00e9riaux de construction : le gouvernement accuse Cimencam d\u2019entretenir l\u2019inflation autour du ciment<\/strong> \u00a0<\/a><\/p>\n<p>A 61 ans le nouveau pr\u00e9sident du conseil d\u2019administration est un v\u00e9t\u00e9rinaire de profession. Son riche cursus professionnel l\u2019a conduit \u00e0 occuper des hautes fonctions dont celui de ministre des Mines, de l\u2019Eau et de l\u2019Energie entre 1997 et 2002.\u00a0 \u00a0<\/p>\n<p>Pour ce qui est de son alter-ego Ali Fassi Fihri, c\u2019est un homme bien connu dans le secteur du mangement des entreprises. Ilest le pr\u00e9sident du conseil d\u2019administration de LafargeHolcim Maroc depuis le\u00a019 mars 2019. Sous cette casquette, il est appel\u00e9 a pr\u00e9sid\u00e9 les conseils d\u2019administrations dans trois pays africains donc\u00a0Lafarge Holcim Guin\u00e9e, Les Ciments du B\u00e9nin Lafarge et Lafarge Holcim C\u00f4te d\u2019Ivoire. N\u00e9 en 1955\u00a0\u00e0 K\u00e9nitra au Maroc, Il d\u00e9bute sa carri\u00e8re, en\u00a01983, comme enseignant chercheur \u00e0 l\u2019\u00c9cole Nationale des Mines de Rabat au d\u00e9partement \u00ab\u00a0G\u00e9nie des proc\u00e9d\u00e9s industriels\u00a0\u00bb. \u00a0<\/p>\n<p><strong>Lire aussi<\/strong> : <a href=\"https:\/\/ecomatin.net\/cimencam-investit-12-milliard-de-f-pour-la-construction-dune-usine-de-mortier-sec\/\"><strong>Cimencam investit 1,2 milliard de F pour la construction d\u2019une usine de mortier sec<\/strong><\/a><\/p>\n<p>L\u2019un des dossiers que les deux hommes doivent g\u00e9rer en urgence aujourd\u2019hui est\u00a0la sortie du ministre du Commerce (Mincommerce), Luc Magloire Mbarga Atangana. Le 29 juin 2021, le Minciommerce a adress\u00e9 une mise en garde au directeur g\u00e9n\u00e9ral de Cimencam au sujet des sp\u00e9culations autour d\u2019une hausse \u00e9ventuelle des prix de ses produits. Le ministre a alors menac\u00e9 de suspendre les activit\u00e9s de l\u2019entreprise sur l\u2019ensemble de ses installations, notamment ses usines de production. Avec cette nouvelle \u00e9quipe l\u2019on saura certainement la position de l\u2019entreprise.\u00a0\u00a0<\/p>\n<p>L\u2019article <a rel=\"nofollow\" href=\"https:\/\/ecomatin.net\/cimencam-de-nouveauxx-dirigeantss-pour-le-conseill-dadministration\/\">Cimencam : De nouveaux dirigeants pour le Conseil d\u2019administration<\/a> est apparu en premier sur <a rel=\"nofollow\" href=\"https:\/\/ecomatin.net\/\">EcoMatin<\/a>.<\/p>\n<\/div>\n<p>Auteur: Amina MALLOUM<br \/>\n<a href=\"https:\/\/ecomatin.net\/cimencam-de-nouveauxx-dirigeantss-pour-le-conseill-dadministration\/\">Cliquez ici pour lire l&rsquo;article depuis sa source.<\/a><\/p>\n","protected":false},"excerpt":{"rendered":"<p>Une nouvelle \u00e9quipe, une nouvelle dynamique pour relever les nouveaux d\u00e9fis pour les Cimenteries du Cameroun (Cimencam). Le 13 juillet 2021, le ministre des Mines, de l\u2019industrie et du D\u00e9veloppement technologie (Minmidt), Gabriel Dodo Ndoke, a install\u00e9 un nouveau duo \u00e0 la t\u00eate de l\u2019organe de pilotage strat\u00e9gique de la Cimencam. Ch\u00e9tif de corps, le [&hellip;]<\/p>\n","protected":false},"author":1969,"featured_media":0,"comment_status":"closed","ping_status":"closed","sticky":false,"template":"","format":"standard","meta":{"fifu_image_url":"","fifu_image_alt":"","footnotes":""},"categories":[82,78],"tags":[],"class_list":["post-121436","post","type-post","status-publish","format-standard","hentry","category-cameroun","category-economie"],"_links":{"self":[{"href":"https:\/\/linitiative.ca\/International\/wp-json\/wp\/v2\/posts\/121436","targetHints":{"allow":["GET"]}}],"collection":[{"href":"https:\/\/linitiative.ca\/International\/wp-json\/wp\/v2\/posts"}],"about":[{"href":"https:\/\/linitiative.ca\/International\/wp-json\/wp\/v2\/types\/post"}],"author":[{"embeddable":true,"href":"https:\/\/linitiative.ca\/International\/wp-json\/wp\/v2\/users\/1969"}],"replies":[{"embeddable":true,"href":"https:\/\/linitiative.ca\/International\/wp-json\/wp\/v2\/comments?post=121436"}],"version-history":[{"count":0,"href":"https:\/\/linitiative.ca\/International\/wp-json\/wp\/v2\/posts\/121436\/revisions"}],"wp:attachment":[{"href":"https:\/\/linitiative.ca\/International\/wp-json\/wp\/v2\/media?parent=121436"}],"wp:term":[{"taxonomy":"category","embeddable":true,"href":"https:\/\/linitiative.ca\/International\/wp-json\/wp\/v2\/categories?post=121436"},{"taxonomy":"post_tag","embeddable":true,"href":"https:\/\/linitiative.ca\/International\/wp-json\/wp\/v2\/tags?post=121436"}],"curies":[{"name":"wp","href":"https:\/\/api.w.org\/{rel}","templated":true}]}}