{"id":121441,"date":"2021-07-15T10:30:24","date_gmt":"2021-07-15T14:30:24","guid":{"rendered":"https:\/\/linitiative.ca\/International\/site-de-sijilmassa-bientot-de-nouveaux-projets-de-fouilles-archeologiques-denvergure\/"},"modified":"2021-07-15T10:30:24","modified_gmt":"2021-07-15T14:30:24","slug":"site-de-sijilmassa-bientot-de-nouveaux-projets-de-fouilles-archeologiques-denvergure","status":"publish","type":"post","link":"https:\/\/linitiative.ca\/International\/site-de-sijilmassa-bientot-de-nouveaux-projets-de-fouilles-archeologiques-denvergure\/","title":{"rendered":"Site de Sijilmassa : Bient\u00f4t de nouveaux projets  de fouilles arch\u00e9ologiques d\u2019envergure"},"content":{"rendered":"<div>\n<p><img decoding=\"async\" width=\"300\" height=\"153\" src=\"https:\/\/linitiative.ca\/International\/wp-content\/uploads\/sites\/23\/2021\/07\/illustratiossijilmassa-300x153-1.jpg\" class=\"attachment-medium size-medium wp-post-image\" alt=\"\" loading=\"lazy\" srcset=\"\/\/aujourdhui.ma\/wp-content\/uploads\/2021\/07\/illustratiossijilmassa-300x153.jpg 300w, \/\/aujourdhui.ma\/wp-content\/uploads\/2021\/07\/illustratiossijilmassa-274x140.jpg 274w, \/\/aujourdhui.ma\/wp-content\/uploads\/2021\/07\/illustratiossijilmassa.jpg 746w, \/\/aujourdhui.ma\/wp-content\/uploads\/2021\/07\/illustratiossijilmassa-165x84.jpg 165w, \/\/aujourdhui.ma\/wp-content\/uploads\/2021\/07\/illustratiossijilmassa-702x358.jpg 702w\" sizes=\"auto, (max-width: 300px) 100vw, 300px\"><\/p>\n<p><span style=\"color: #800000;\"><strong>Pr\u00e9vus d\u00e8s la prochaine rentr\u00e9e universitaire<\/strong><\/span><span id=\"more-381754\"><\/span><\/p>\n<p>Le site arch\u00e9ologique de Sijilmassa situ\u00e9 dans le sud du Royaume (class\u00e9 patrimoine national) deviendra d\u00e8s la prochaine rentr\u00e9e universitaire un th\u00e9\u00e2tre d\u2019exploration arch\u00e9ologique de grande envergure. Ce site exceptionnel \u00e2g\u00e9 de plus de 1.300 ans accueillera en effet de nouveaux projets de fouilles men\u00e9s par des experts, universitaires ou chercheurs nationaux et internationaux. Un programme d\u2019appel \u00e0 manifestation international a \u00e9t\u00e9 tout r\u00e9cemment lanc\u00e9, dans ce sens, par le d\u00e9partement de la Culture en partenariat avec l\u2019Institut national des sciences de l\u2019arch\u00e9ologie et du patrimoine (INSAP). L\u2019objectif \u00e9tant la promotion de la recherche arch\u00e9ologique et la sauvegarde et la valorisation du patrimoine culturel.<\/p>\n<p><span style=\"color: #ff0000;\"><strong>Con\u00e7ues pour une p\u00e9riode de 5 ans renouvelable<\/strong><\/span><\/p>\n<p>Les recherches arch\u00e9ologiques seront \u00e9tal\u00e9es pour une dur\u00e9e de cinq ans. Elles s\u2019articulent autour de cinq secteurs portant chacun sur un projet diff\u00e9rent. \u00abLe montage de ces projets est motiv\u00e9 par les r\u00e9sultats des cinq sondages effectu\u00e9s derni\u00e8rement. Ces r\u00e9sultats ont permis d\u2019identifier cinq secteurs aptes \u00e0 faire, chacun, l\u2019objet d\u2019un projet de recherches \u00e0 part\u00bb, peut-on lire dans le document. Et d\u2019ajouter qu\u2019\u00abun sixi\u00e8me secteur pourrait \u00eatre d\u00e9velopp\u00e9 et devenir un terrain de recherche au niveau de la forteresse m\u00e9di\u00e9vale de Jbel al Mudawwar (environ 15 km \u00e0 l\u2019ouest du site arch\u00e9ologique de Sijilmassa)\u00bb. Selon la m\u00eame source le co\u00fbt forfaitaire par projet pour 5 ans est estim\u00e9 \u00e0 1.038.500 dirhams HT (626.750 dirhams HT (apport forfaitaire du d\u00e9partement de la Culture et 411.000 dirhams HT comme apport forfaitaire du partenaire \u00e9tranger)).<\/p>\n<p><a href=\"https:\/\/linitiative.ca\/International\/wp-content\/uploads\/sites\/23\/2021\/07\/photo-2-sijilmassa.jpg\"><img decoding=\"async\" loading=\"lazy\" class=\"alignnone size-full wp-image-381756\" src=\"https:\/\/linitiative.ca\/International\/wp-content\/uploads\/sites\/23\/2021\/07\/photo-2-sijilmassa.jpg\" alt=\"\" width=\"1181\" height=\"729\" srcset=\"\/\/aujourdhui.ma\/wp-content\/uploads\/2021\/07\/photo-2-sijilmassa.jpg 1181w, \/\/aujourdhui.ma\/wp-content\/uploads\/2021\/07\/photo-2-sijilmassa-300x185.jpg 300w, \/\/aujourdhui.ma\/wp-content\/uploads\/2021\/07\/photo-2-sijilmassa-1024x632.jpg 1024w, \/\/aujourdhui.ma\/wp-content\/uploads\/2021\/07\/photo-2-sijilmassa-768x474.jpg 768w\" sizes=\"auto, (max-width: 1181px) 100vw, 1181px\"><\/a><br \/>\nA cet effet, le candidat s\u00e9lectionn\u00e9 devrait \u00e9laborer un rapport administratif \u00e0 fournir un mois apr\u00e8s la fin des travaux, un rapport scientifique, une chronique, par campagne de fouilles, publiable au Bulletin d\u2019arch\u00e9ologie marocaine \u00e0 d\u00e9poser 6 mois apr\u00e8s la fin des travaux. Ainsi, durant chaque quadriennal de fouilles arch\u00e9ologiques, le candidat devrait organiser une rencontre scientifique destin\u00e9e \u00e0 discuter les r\u00e9sultats obtenus, la r\u00e9daction d\u2019une monographie du site sur la base des r\u00e9sultats scientifiques et enfin l\u2019organisation d\u2019une exposition visant la vulgarisation des r\u00e9sultats scientifiques aupr\u00e8s du grand public.<\/p>\n<p>Pour rappel, le site arch\u00e9ologique de Sijilmassa est fond\u00e9 par les Midrarites en 757. Il est connu aussi sous le nom de \u00abCit\u00e9 de l\u2019or\u00bb, a jou\u00e9 un r\u00f4le majeur dans le monde islamique m\u00e9di\u00e9val. Il a longtemps \u00e9t\u00e9 un carrefour commercial mais aussi un point liant les civilisations africaines et orientales, avant son d\u00e9clin \u00e0 partir de la fin du XIVe si\u00e8cle.<\/p>\n<p><a href=\"https:\/\/linitiative.ca\/International\/wp-content\/uploads\/sites\/23\/2021\/07\/photo-sijilmassa.png\"><img decoding=\"async\" loading=\"lazy\" class=\"alignnone size-full wp-image-381757\" src=\"https:\/\/linitiative.ca\/International\/wp-content\/uploads\/sites\/23\/2021\/07\/photo-sijilmassa.png\" alt=\"\" width=\"845\" height=\"475\" srcset=\"\/\/aujourdhui.ma\/wp-content\/uploads\/2021\/07\/photo-sijilmassa.png 845w, \/\/aujourdhui.ma\/wp-content\/uploads\/2021\/07\/photo-sijilmassa-300x169.png 300w, \/\/aujourdhui.ma\/wp-content\/uploads\/2021\/07\/photo-sijilmassa-768x432.png 768w\" sizes=\"auto, (max-width: 845px) 100vw, 845px\"><\/a><\/p>\n<\/div>\n<p>Auteur: Siham Jadraoui<br \/>\n<a href=\"https:\/\/aujourdhui.ma\/culture\/site-de-sijilmassa-bientot-de-nouveaux-projets-de-fouilles-archeologiques-denvergure\">Cliquez ici pour lire l&rsquo;article depuis sa source.<\/a><\/p>\n","protected":false},"excerpt":{"rendered":"<p>Pr\u00e9vus d\u00e8s la prochaine rentr\u00e9e universitaire Le site arch\u00e9ologique de Sijilmassa situ\u00e9 dans le sud du Royaume (class\u00e9 patrimoine national) deviendra d\u00e8s la prochaine rentr\u00e9e universitaire un th\u00e9\u00e2tre d\u2019exploration arch\u00e9ologique de grande envergure. Ce site exceptionnel \u00e2g\u00e9 de plus de 1.300 ans accueillera en effet de nouveaux projets de fouilles men\u00e9s par des experts, universitaires [&hellip;]<\/p>\n","protected":false},"author":1759,"featured_media":0,"comment_status":"closed","ping_status":"closed","sticky":false,"template":"","format":"standard","meta":{"fifu_image_url":"https:\/\/aujourdhui.ma\/wp-content\/uploads\/2021\/07\/illustratiossijilmassa-300x153.jpg","fifu_image_alt":"Site de Sijilmassa : Bient\u00f4t de nouveaux projets  de fouilles arch\u00e9ologiques d\u2019envergure","footnotes":""},"categories":[73,54],"tags":[],"class_list":["post-121441","post","type-post","status-publish","format-standard","hentry","category-actualite","category-maroc"],"_links":{"self":[{"href":"https:\/\/linitiative.ca\/International\/wp-json\/wp\/v2\/posts\/121441","targetHints":{"allow":["GET"]}}],"collection":[{"href":"https:\/\/linitiative.ca\/International\/wp-json\/wp\/v2\/posts"}],"about":[{"href":"https:\/\/linitiative.ca\/International\/wp-json\/wp\/v2\/types\/post"}],"author":[{"embeddable":true,"href":"https:\/\/linitiative.ca\/International\/wp-json\/wp\/v2\/users\/1759"}],"replies":[{"embeddable":true,"href":"https:\/\/linitiative.ca\/International\/wp-json\/wp\/v2\/comments?post=121441"}],"version-history":[{"count":0,"href":"https:\/\/linitiative.ca\/International\/wp-json\/wp\/v2\/posts\/121441\/revisions"}],"wp:attachment":[{"href":"https:\/\/linitiative.ca\/International\/wp-json\/wp\/v2\/media?parent=121441"}],"wp:term":[{"taxonomy":"category","embeddable":true,"href":"https:\/\/linitiative.ca\/International\/wp-json\/wp\/v2\/categories?post=121441"},{"taxonomy":"post_tag","embeddable":true,"href":"https:\/\/linitiative.ca\/International\/wp-json\/wp\/v2\/tags?post=121441"}],"curies":[{"name":"wp","href":"https:\/\/api.w.org\/{rel}","templated":true}]}}