{"id":121445,"date":"2021-07-15T10:45:51","date_gmt":"2021-07-15T14:45:51","guid":{"rendered":"https:\/\/linitiative.ca\/International\/un-prix-national-de-legalite-en-medias-tres-convoite\/"},"modified":"2021-07-15T10:45:51","modified_gmt":"2021-07-15T14:45:51","slug":"un-prix-national-de-legalite-en-medias-tres-convoite","status":"publish","type":"post","link":"https:\/\/linitiative.ca\/International\/un-prix-national-de-legalite-en-medias-tres-convoite\/","title":{"rendered":"Un Prix national de l\u2019\u00e9galit\u00e9  en m\u00e9dias tr\u00e8s convoit\u00e9"},"content":{"rendered":"<div>\n<p><img decoding=\"async\" width=\"300\" height=\"153\" src=\"https:\/\/linitiative.ca\/International\/wp-content\/uploads\/sites\/23\/2021\/07\/Un-Prix-national-de-legalite-300x153-1.jpg\" class=\"attachment-medium size-medium wp-post-image\" alt=\"\" loading=\"lazy\" srcset=\"\/\/aujourdhui.ma\/wp-content\/uploads\/2021\/07\/Un-Prix-national-de-legalite-300x153.jpg 300w, \/\/aujourdhui.ma\/wp-content\/uploads\/2021\/07\/Un-Prix-national-de-legalite-274x140.jpg 274w, \/\/aujourdhui.ma\/wp-content\/uploads\/2021\/07\/Un-Prix-national-de-legalite.jpg 746w, \/\/aujourdhui.ma\/wp-content\/uploads\/2021\/07\/Un-Prix-national-de-legalite-165x84.jpg 165w, \/\/aujourdhui.ma\/wp-content\/uploads\/2021\/07\/Un-Prix-national-de-legalite-702x358.jpg 702w\" sizes=\"auto, (max-width: 300px) 100vw, 300px\"><\/p>\n<p><span style=\"color: #800000;\"><strong>Parall\u00e8lement \u00e0 la pr\u00e9sentation du guide pour lutter contre les st\u00e9r\u00e9otypes sexistes<\/strong><\/span><span id=\"more-381759\"><\/span><\/p>\n<p>\u00abJe propose la cr\u00e9ation du Prix national de l\u2019\u00e9galit\u00e9 en m\u00e9dias\u00bb. L\u2019id\u00e9e \u00e9mane, mardi \u00e0 Rabat, du directeur de l\u2019institut sup\u00e9rieur de l\u2019information et de la communication (ISIC), Abdellatif Bensfia, lors de l\u2019atelier de r\u00e9flexion sur les m\u00e9canismes de mise en \u0153uvre du guide pour lutter contre les st\u00e9r\u00e9otypes sexistes dans les m\u00e9dias au Maroc. Tel que l\u2019explicite le responsable, cette proposition, faite d\u00e9j\u00e0 auparavant, est \u00abun projet demeur\u00e9 dans les tiroirs\u00bb. Pour l\u2019heure, il r\u00e9it\u00e8re la proposition de ce Prix avec l\u2019organisation conjointe d\u2019autres partenaires dont le d\u00e9partement de la communication, \u00e9galement initiateur de cet atelier consacr\u00e9 au guide con\u00e7u avec le concours de l\u2019Union europ\u00e9enne.<\/p>\n<p><span style=\"color: #ff0000;\"><strong>La raison d\u2019exister du guide<\/strong><\/span><\/p>\n<p>Tel que le pr\u00e9cise l\u2019experte Bouchra Bourara, ce guide se veut d\u2019accompagner la mise en \u0153uvre des nouvelles dispositions l\u00e9gales et r\u00e9glementaires de la loi 77.03, notamment ses articles 8 et 9. Quant \u00e0 l\u2019approche adopt\u00e9e pour l\u2019\u00e9laboration de ce document, elle porte entre autres sur le questionnement \u00abdes angles de traitement des r\u00e9cits, des cr\u00e9ations et des productions m\u00e9diatiques\u00bb. Les cibles \u00e9tant notamment les professionnels et d\u00e9cideurs des m\u00e9dias de diffusion. En d\u00e9tail, la d\u00e9marche conceptuelle du guide se base sur des donn\u00e9es factuelles, notamment la contribution des femmes \u00e0 l\u2019\u00e9conomie et aux m\u00e9dias, ainsi que la participation politique et sa couverture m\u00e9diatique. Dans ce sens, ce document propose, selon l\u2019experte, de \u00abcomprendre les r\u00e9alit\u00e9s derri\u00e8re les chiffres et \u00e9tudes sur la condition des femmes et leur repr\u00e9sentation dans les m\u00e9dias\u00bb. Il s\u2019agit, pour elle, d\u2019exercices \u00abpratiques\u00bb destin\u00e9s \u00e9galement \u00e0 \u00abpointer les lacunes \u00e0 combler\u00bb. Le tout en \u00e9vitant des pi\u00e8ges. Dans ce sens, le guide propose une \u00ab\u00e9galit\u00e9 de traitement dans les m\u00e9dias\u00bb. A ce propos, il est question d\u2019une repr\u00e9sentation fid\u00e8le des hommes et des femmes avec un reflet de leur r\u00e9alit\u00e9 plurielle dans toutes ses dimensions et sa diversit\u00e9 plut\u00f4t qu\u2019une image r\u00e9duite voire r\u00e9ductrice de cette r\u00e9alit\u00e9.<\/p>\n<p><span style=\"color: #ff0000;\"><strong>Les bonnes pratiques \u00e0 adopter<\/strong><\/span><\/p>\n<p>Comme le pr\u00e9cise l\u2019experte, la conduite \u00e0 tenir consiste \u00e0 \u00ab\u00e9valuer la place des hommes et des femmes\u00bb. Il s\u2019agit \u00e9galement de questionner les habitudes, d\u2019interroger l\u2019impact sur le public usager des m\u00e9dias, de tenir compte de la finalit\u00e9 du contenu et du propos voire de valoriser les bonnes pratiques en les g\u00e9n\u00e9ralisant de mani\u00e8re p\u00e9renne. Dans ce sens, elle conduit des exemples \u00e0 l\u2019instar de l\u2019implication syst\u00e9matique d\u2019un avis f\u00e9minin sur tous les th\u00e8mes. Les exemples donn\u00e9s par Mme Bourara comprennent, entre autres, le contr\u00f4le du langage y compris de l\u2019image. Egalement de la partie, Mustapha Taimi, secr\u00e9taire g\u00e9n\u00e9ral du d\u00e9partement de la communication, estime que les r\u00e9formes d\u00e9di\u00e9es \u00e0 l\u2019image de la femme dans les m\u00e9dias demeurent insuffisantes. \u00abC\u2019est le v\u00e9cu qui est parlant\u00bb, avance-t-il. Comme il l\u2019ajoute, le secteur audiovisuel public \u00abveille \u00e0 l\u2019\u00e9quit\u00e9\u00bb. A son tour, la Haca se charge du suivi comme il le rappelle. Cependant, il revient, \u00e0 son sens, aux journalistes notamment les femmes, de veiller \u00e0 cette \u00e9quit\u00e9 et consolider leur pr\u00e9sence dans les m\u00e9dias aux niveaux quantitatif et qualitatif.<\/p>\n<\/div>\n<p>Auteur: Salima Guisser<br \/>\n<a href=\"https:\/\/aujourdhui.ma\/culture\/un-prix-national-de-legalite-en-medias-tres-convoite\">Cliquez ici pour lire l&rsquo;article depuis sa source.<\/a><\/p>\n","protected":false},"excerpt":{"rendered":"<p>Parall\u00e8lement \u00e0 la pr\u00e9sentation du guide pour lutter contre les st\u00e9r\u00e9otypes sexistes \u00abJe propose la cr\u00e9ation du Prix national de l\u2019\u00e9galit\u00e9 en m\u00e9dias\u00bb. L\u2019id\u00e9e \u00e9mane, mardi \u00e0 Rabat, du directeur de l\u2019institut sup\u00e9rieur de l\u2019information et de la communication (ISIC), Abdellatif Bensfia, lors de l\u2019atelier de r\u00e9flexion sur les m\u00e9canismes de mise en \u0153uvre du [&hellip;]<\/p>\n","protected":false},"author":1759,"featured_media":0,"comment_status":"closed","ping_status":"closed","sticky":false,"template":"","format":"standard","meta":{"fifu_image_url":"https:\/\/aujourdhui.ma\/wp-content\/uploads\/2021\/07\/Un-Prix-national-de-legalite-300x153.jpg","fifu_image_alt":"Un Prix national de l\u2019\u00e9galit\u00e9  en m\u00e9dias tr\u00e8s convoit\u00e9","footnotes":""},"categories":[73,54],"tags":[],"class_list":["post-121445","post","type-post","status-publish","format-standard","hentry","category-actualite","category-maroc"],"_links":{"self":[{"href":"https:\/\/linitiative.ca\/International\/wp-json\/wp\/v2\/posts\/121445","targetHints":{"allow":["GET"]}}],"collection":[{"href":"https:\/\/linitiative.ca\/International\/wp-json\/wp\/v2\/posts"}],"about":[{"href":"https:\/\/linitiative.ca\/International\/wp-json\/wp\/v2\/types\/post"}],"author":[{"embeddable":true,"href":"https:\/\/linitiative.ca\/International\/wp-json\/wp\/v2\/users\/1759"}],"replies":[{"embeddable":true,"href":"https:\/\/linitiative.ca\/International\/wp-json\/wp\/v2\/comments?post=121445"}],"version-history":[{"count":0,"href":"https:\/\/linitiative.ca\/International\/wp-json\/wp\/v2\/posts\/121445\/revisions"}],"wp:attachment":[{"href":"https:\/\/linitiative.ca\/International\/wp-json\/wp\/v2\/media?parent=121445"}],"wp:term":[{"taxonomy":"category","embeddable":true,"href":"https:\/\/linitiative.ca\/International\/wp-json\/wp\/v2\/categories?post=121445"},{"taxonomy":"post_tag","embeddable":true,"href":"https:\/\/linitiative.ca\/International\/wp-json\/wp\/v2\/tags?post=121445"}],"curies":[{"name":"wp","href":"https:\/\/api.w.org\/{rel}","templated":true}]}}