{"id":121455,"date":"2021-07-14T14:00:00","date_gmt":"2021-07-14T18:00:00","guid":{"rendered":"https:\/\/linitiative.ca\/International\/didh-une-base-dinformations-partiales-emanant-exclusivement-des-soutiens-des-accuses\/"},"modified":"2021-07-14T14:00:00","modified_gmt":"2021-07-14T18:00:00","slug":"didh-une-base-dinformations-partiales-emanant-exclusivement-des-soutiens-des-accuses","status":"publish","type":"post","link":"https:\/\/linitiative.ca\/International\/didh-une-base-dinformations-partiales-emanant-exclusivement-des-soutiens-des-accuses\/","title":{"rendered":"DIDH : une base d\u2019informations \u00ab partiales \u00bb \u00e9manant exclusivement des soutiens des accus\u00e9s"},"content":{"rendered":"<div>\n<p class=\"has-text-align-center has-vivid-cyan-blue-color has-text-color\"><strong>La d\u00e9claration du porte-parole du D\u00e9partement d\u2019Etat US au sujet de deux affaires en justice<\/strong><\/p>\n<p class=\"has-black-color has-text-color\"><strong>La d\u00e9claration du porte-parole du D\u00e9partement d\u2019Etat US au sujet de deux mis en cause, dont le premier a \u00e9t\u00e9 condamn\u00e9, en premi\u00e8re instance, \u00e0 une peine de cinq ans de prison ferme pour une affaire de droit commun, tandis que le deuxi\u00e8me est en cours de jugement, est bas\u00e9e sur des informations \u00ab\u00a0partiales\u00a0\u00bb \u00e9manant exclusivement des soutiens des accus\u00e9s, a soulign\u00e9, mardi, la D\u00e9l\u00e9gation Interminist\u00e9rielle aux Droits de l\u2019Homme (DIDH).<\/strong><\/p>\n<p class=\"has-black-color has-text-color\">\u00ab\u00a0Ces informations ont sciemment occult\u00e9 le point de vue des plaignants et de leurs d\u00e9fenses, allant jusqu\u2019\u00e0 renier leur statut m\u00eame de victime et leur droit universellement reconnu \u00e0 d\u00e9poser plainte\u00a0\u00bb, a pr\u00e9cis\u00e9 dans un communiqu\u00e9 la D\u00e9l\u00e9gation apr\u00e8s avoir pris connaissance du contenu de cette d\u00e9claration rendue publique lundi. De m\u00eame, a poursuivi la D\u00e9l\u00e9gation, il a \u00e9t\u00e9 constat\u00e9 avec \u00e9tonnement que la d\u00e9claration du porte-parole du D\u00e9partement d\u2019Etat am\u00e9ricain se r\u00e9f\u00e8re uniquement aux all\u00e9gations de la personne condamn\u00e9e, en se focalisant sur son statut professionnel, et \u00e0 des pr\u00e9tendues \u00ab\u00a0violations des normes relatives au proc\u00e8s \u00e9quitable\u00a0\u00bb, alors que le parquet comp\u00e9tent dans son communiqu\u00e9 du 12 juillet 2021 a clairement mis en exergue le caract\u00e8re \u00e9quitable dudit proc\u00e8s.<\/p>\n<p class=\"has-black-color has-text-color\">\u00ab\u00a0Le Maroc \u00e9tant attach\u00e9 au respect des droits fondamentaux de tous les justiciables, quels que soient leurs statuts, par cons\u00e9quent l\u2019ind\u00e9pendance du pouvoir judiciaire, consacr\u00e9e par la Constitution de 2011 et d\u00e9coulant des r\u00e9formes substantielles impuls\u00e9es au Royaume, depuis plus de deux d\u00e9cennies, est garante du respect de ces droits fondamentaux\u00a0\u00bb, a insist\u00e9 la DIDH.<\/p>\n<p class=\"has-black-color has-text-color\">Dans ce sens, \u00ab\u00a0le Maroc demeure profond\u00e9ment attach\u00e9 \u00e0 la consolidation des valeurs des libert\u00e9s individuelles et collectives, notamment les libert\u00e9s d\u2019expression et d\u2019association, qui ne cessent de se d\u00e9velopper, dans le cadre d\u2019une soci\u00e9t\u00e9 prosp\u00e8re, tol\u00e9rante et inclusive, bannissant l\u2019arbitraire, l\u2019injustice et la violence\u00a0\u00bb, a conclu la D\u00e9l\u00e9gation.<\/p>\n<p>L\u2019article <a rel=\"nofollow\" href=\"http:\/\/albayane.press.ma\/didh-une-base-dinformations-partiales-emanant-exclusivement-des-soutiens-des-accuses.html\">DIDH : une base d\u2019informations \u00ab partiales \u00bb \u00e9manant exclusivement des soutiens des accus\u00e9s<\/a> est apparu en premier sur <a rel=\"nofollow\" href=\"http:\/\/albayane.press.ma\/\">ALBAYANE<\/a>.<\/p>\n<\/div>\n<p>Auteur: M&rsquo;hammed rahal<br \/>\n<a href=\"http:\/\/albayane.press.ma\/didh-une-base-dinformations-partiales-emanant-exclusivement-des-soutiens-des-accuses.html\">Cliquez ici pour lire l&rsquo;article depuis sa source.<\/a><\/p>\n","protected":false},"excerpt":{"rendered":"<p>La d\u00e9claration du porte-parole du D\u00e9partement d\u2019Etat US au sujet de deux affaires en justice La d\u00e9claration du porte-parole du D\u00e9partement d\u2019Etat US au sujet de deux mis en cause, dont le premier a \u00e9t\u00e9 condamn\u00e9, en premi\u00e8re instance, \u00e0 une peine de cinq ans de prison ferme pour une affaire de droit commun, tandis [&hellip;]<\/p>\n","protected":false},"author":1760,"featured_media":0,"comment_status":"closed","ping_status":"closed","sticky":false,"template":"","format":"standard","meta":{"fifu_image_url":"","fifu_image_alt":"","footnotes":""},"categories":[73,54],"tags":[],"class_list":["post-121455","post","type-post","status-publish","format-standard","hentry","category-actualite","category-maroc"],"_links":{"self":[{"href":"https:\/\/linitiative.ca\/International\/wp-json\/wp\/v2\/posts\/121455","targetHints":{"allow":["GET"]}}],"collection":[{"href":"https:\/\/linitiative.ca\/International\/wp-json\/wp\/v2\/posts"}],"about":[{"href":"https:\/\/linitiative.ca\/International\/wp-json\/wp\/v2\/types\/post"}],"author":[{"embeddable":true,"href":"https:\/\/linitiative.ca\/International\/wp-json\/wp\/v2\/users\/1760"}],"replies":[{"embeddable":true,"href":"https:\/\/linitiative.ca\/International\/wp-json\/wp\/v2\/comments?post=121455"}],"version-history":[{"count":0,"href":"https:\/\/linitiative.ca\/International\/wp-json\/wp\/v2\/posts\/121455\/revisions"}],"wp:attachment":[{"href":"https:\/\/linitiative.ca\/International\/wp-json\/wp\/v2\/media?parent=121455"}],"wp:term":[{"taxonomy":"category","embeddable":true,"href":"https:\/\/linitiative.ca\/International\/wp-json\/wp\/v2\/categories?post=121455"},{"taxonomy":"post_tag","embeddable":true,"href":"https:\/\/linitiative.ca\/International\/wp-json\/wp\/v2\/tags?post=121455"}],"curies":[{"name":"wp","href":"https:\/\/api.w.org\/{rel}","templated":true}]}}