{"id":121456,"date":"2021-07-14T14:00:00","date_gmt":"2021-07-14T18:00:00","guid":{"rendered":"https:\/\/linitiative.ca\/International\/les-meilleures-initiatives-du-distanciel-recompensees\/"},"modified":"2021-07-14T14:00:00","modified_gmt":"2021-07-14T18:00:00","slug":"les-meilleures-initiatives-du-distanciel-recompensees","status":"publish","type":"post","link":"https:\/\/linitiative.ca\/International\/les-meilleures-initiatives-du-distanciel-recompensees\/","title":{"rendered":"Les meilleures initiatives du distanciel r\u00e9compens\u00e9es"},"content":{"rendered":"<div>\n<p class=\"has-text-align-center has-vivid-cyan-blue-color has-text-color\"><strong>Education<\/strong><\/p>\n<p class=\"has-black-color has-text-color\"><strong>Le minist\u00e8re de l\u2019Education nationale, de la formation professionnelle, de l\u2019enseignement sup\u00e9rieur et de la recherche scientifique a r\u00e9compens\u00e9 les meilleures initiatives d\u2019enseignement \u00e0 distance d\u00e9velopp\u00e9es durant la p\u00e9riode de confinement sanitaire, au cours d\u2019une c\u00e9r\u00e9monie tenue mardi \u00e0 Rabat.<\/strong><\/p>\n<p class=\"has-black-color has-text-color\">Le concours, lanc\u00e9 via le portail \u00e9lectronique taalimitice.ma, a re\u00e7u quelque 170 candidatures port\u00e9es par des cadres \u00e9ducatifs de toutes les r\u00e9gions du pays, lesquelles ont \u00e9t\u00e9 d\u00e9partag\u00e9es par un comit\u00e9 central ayant s\u00e9lectionn\u00e9 les id\u00e9es les plus novatrices et les projets les plus rigoureux.<\/p>\n<p class=\"has-black-color has-text-color\">Les contributions retenues vont recevoir des r\u00e9compenses financi\u00e8res en signe d\u2019encouragement et de reconnaissance pour les efforts remarquables des enseignants en ces circonstances, avec le soutien de la Fondation Zahid et l\u2019Association des amis de l\u2019\u00e9cole publique.<\/p>\n<p class=\"has-black-color has-text-color\">Les initiatives ont \u00e9t\u00e9 \u00e9valu\u00e9es selon la cr\u00e9ativit\u00e9, la valeur ajout\u00e9e, le nombre de b\u00e9n\u00e9ficiaires, les ressources et les moyens mobilis\u00e9s ou encore la qualit\u00e9 technique de l\u2019intervention, indique le minist\u00e8re dans un communique.<\/p>\n<p class=\"has-black-color has-text-color\">Dans la cat\u00e9gorie \u00ab\u00a0formations \u00e0 distance\u00a0\u00bb, la palme est all\u00e9e \u00e0 Achraf Moumni, de la direction provinciale de Taourirt (Oriental), tandis que le prix \u00ab\u00a0cr\u00e9ation de plateformes et de ressources num\u00e9riques\u00a0\u00bb a \u00e9t\u00e9 partag\u00e9 par Bouchra Leghdani, de la direction provinciale de Safi (Marrakech-Safi), Abderrahmane Hamadi, de la direction provinciale de Marrakech (Marrakech-Safi) et Yassine Al Mousstaine, de la direction provinciale de Nouaceur (Casablanca-Settat).<\/p>\n<p class=\"has-black-color has-text-color\">Maria Bounite, de la direction provinciale d\u2019El Haouz (Marrakech-Safi), Asmae Nassiri, de la direction provinciale d\u2019Oujda (Oriental) et Fatima Zahra Saoud, de la direction provinciale de Tanger-Assilah (Tanger-T\u00e9touan-Al Hoceima) ont \u00e9t\u00e9 distingu\u00e9es dans la cat\u00e9gorie \u00ab\u00a0accompagnement et concours\u00a0\u00bb.<\/p>\n<p class=\"has-black-color has-text-color\">D\u2019autre part, trois enseignants (Said Zakoumou, Rabab Mouknane et Latifa Lribou) exer\u00e7ant dans les instituts de promotion socio-\u00e9ducative (IPSE), affili\u00e9s \u00e0 la Fondation OCP, ont \u00e9t\u00e9 distingu\u00e9s pour leur production de ressources num\u00e9riques au profit des \u00e9l\u00e8ves en p\u00e9riode de confinement.<\/p>\n<p>L\u2019article <a rel=\"nofollow\" href=\"http:\/\/albayane.press.ma\/les-meilleures-initiatives-du-distanciel-recompensees.html\">Les meilleures initiatives du distanciel r\u00e9compens\u00e9es<\/a> est apparu en premier sur <a rel=\"nofollow\" href=\"http:\/\/albayane.press.ma\/\">ALBAYANE<\/a>.<\/p>\n<\/div>\n<p>Auteur: M&rsquo;hammed rahal<br \/>\n<a href=\"http:\/\/albayane.press.ma\/les-meilleures-initiatives-du-distanciel-recompensees.html\">Cliquez ici pour lire l&rsquo;article depuis sa source.<\/a><\/p>\n","protected":false},"excerpt":{"rendered":"<p>Education Le minist\u00e8re de l\u2019Education nationale, de la formation professionnelle, de l\u2019enseignement sup\u00e9rieur et de la recherche scientifique a r\u00e9compens\u00e9 les meilleures initiatives d\u2019enseignement \u00e0 distance d\u00e9velopp\u00e9es durant la p\u00e9riode de confinement sanitaire, au cours d\u2019une c\u00e9r\u00e9monie tenue mardi \u00e0 Rabat. Le concours, lanc\u00e9 via le portail \u00e9lectronique taalimitice.ma, a re\u00e7u quelque 170 candidatures port\u00e9es [&hellip;]<\/p>\n","protected":false},"author":1760,"featured_media":0,"comment_status":"closed","ping_status":"closed","sticky":false,"template":"","format":"standard","meta":{"fifu_image_url":"","fifu_image_alt":"","footnotes":""},"categories":[73,54],"tags":[],"class_list":["post-121456","post","type-post","status-publish","format-standard","hentry","category-actualite","category-maroc"],"_links":{"self":[{"href":"https:\/\/linitiative.ca\/International\/wp-json\/wp\/v2\/posts\/121456","targetHints":{"allow":["GET"]}}],"collection":[{"href":"https:\/\/linitiative.ca\/International\/wp-json\/wp\/v2\/posts"}],"about":[{"href":"https:\/\/linitiative.ca\/International\/wp-json\/wp\/v2\/types\/post"}],"author":[{"embeddable":true,"href":"https:\/\/linitiative.ca\/International\/wp-json\/wp\/v2\/users\/1760"}],"replies":[{"embeddable":true,"href":"https:\/\/linitiative.ca\/International\/wp-json\/wp\/v2\/comments?post=121456"}],"version-history":[{"count":0,"href":"https:\/\/linitiative.ca\/International\/wp-json\/wp\/v2\/posts\/121456\/revisions"}],"wp:attachment":[{"href":"https:\/\/linitiative.ca\/International\/wp-json\/wp\/v2\/media?parent=121456"}],"wp:term":[{"taxonomy":"category","embeddable":true,"href":"https:\/\/linitiative.ca\/International\/wp-json\/wp\/v2\/categories?post=121456"},{"taxonomy":"post_tag","embeddable":true,"href":"https:\/\/linitiative.ca\/International\/wp-json\/wp\/v2\/tags?post=121456"}],"curies":[{"name":"wp","href":"https:\/\/api.w.org\/{rel}","templated":true}]}}