{"id":121458,"date":"2021-07-14T14:00:00","date_gmt":"2021-07-14T18:00:00","guid":{"rendered":"https:\/\/linitiative.ca\/International\/une-bouteille-a-la-mer\/"},"modified":"2021-07-14T14:00:00","modified_gmt":"2021-07-14T18:00:00","slug":"une-bouteille-a-la-mer","status":"publish","type":"post","link":"https:\/\/linitiative.ca\/International\/une-bouteille-a-la-mer\/","title":{"rendered":"Une bouteille \u00e0 la mer \u2026"},"content":{"rendered":"<div>\n<p class=\"has-vivid-cyan-blue-color has-text-color\"><strong>La canicule s\u2019emballe\u00a0! Le pic de chaleur est tel que des for\u00eats s\u2019enflamment et plusieurs dizaines d\u2019hectares de v\u00e9g\u00e9tation naturelle sont partis en fum\u00e9e. Suite \u00e0 \u00ab\u00a0un \u00e9norme blocage anticyclonique entre le Maroc et l\u2019Espagne\u00a0\u00bb, la chaleur s\u00e9vit avec des temp\u00e9ratures extr\u00eames enregistrant des records. L\u2019air est brulant, m\u00eame la nuit. Le bord de mer est pris en assaut, et la littoralisation s\u2019accentue.<\/strong><\/p>\n<p class=\"has-black-color has-text-color\">Cette littoralisation rampante n\u2019est pas nouvelle ou circonstancielle. Elle est patente partout le long de la zone littorale du royaume et sa ma\u00eetrise ne semble pas garantie malgr\u00e9 l\u2019arsenal juridique mis en place pour assurer un am\u00e9nagement \u00ab\u00a0durable\u00a0\u00bb \u00e0 cet interface fragile entre la mer et l\u2019arri\u00e8re-pays continental.<\/p>\n<p class=\"has-black-color has-text-color\">A sa vuln\u00e9rabilit\u00e9 physique s\u2019ajoute la pression de la pr\u00e9sence humaine et des activit\u00e9s d\u00e9velopp\u00e9es\u00a0; d\u2019autant plus quelles sont exacerb\u00e9es par la \u00ab\u00a0tentation de confisquer les ressources publiques pour l\u2019enrichissement personnel\u00a0\u00bb.<\/p>\n<p class=\"has-black-color has-text-color\">Espace convoit\u00e9\u00a0; le littoral marocain est soumis \u00e0 un b\u00e9tonnage continu. La prolif\u00e9ration des constructions\u200b, favoris\u00e9e par l\u2019opportunit\u00e9 fonci\u00e8re, se fait sous la forme de \u00ab\u00a0pseudopodes amibiens\u00a0\u00bb qui se dispersent en habitat dispers\u00e9. Les lotissements en front de mer s\u2019\u00e9rigent\u00a0; privatisant l\u2019espace littoral et allant jusqu\u2019\u00e0 modifier, dans certains cas, la morphologie c\u00f4ti\u00e8re.<\/p>\n<p class=\"has-black-color has-text-color\">S\u2019ajoute \u00e0 cette d\u00e9gradation, le d\u00e9versement des eaux us\u00e9es dans la mer, soit directement, faute d\u2019infrastructure ad\u00e9quate, soit dans le cadre de \u00ab\u00a0la maintenance et de l\u2019entretien d\u2019une station de traitement des eaux us\u00e9es\u00a0\u00bb comme cela f\u00fbt relev\u00e9e en mai 2017 aux abords de la mosqu\u00e9e Hassan II \u00e0 Casablanca. Le co\u00fbt de cet impact sur la qualit\u00e9 du littoral a \u00e9t\u00e9 estim\u00e9 \u00e0 pr\u00e8s de 1171\u00a0millions de dirhams, sur la base des prix de 2014, par une \u00e9tude de la Banque Mondiale publi\u00e9e en 2017.<\/p>\n<p class=\"has-black-color has-text-color\">L\u2019exploitation anarchique des fonds littoraux pour l\u2019extraction du sable, particuli\u00e8rement \u00e0 proximit\u00e9 de certains estuaires, a induit des reculs du trait de c\u00f4te et \u00e0 la fermeture de l\u2019embouchure de l\u2019Oum Er Rbia. Cette derni\u00e8re situation est mal v\u00e9cue par la population environnante qui ne comprend pas l\u2019inertie des pouvoirs publics devant la catastrophe environnementale r\u00e9voltante. La canicule et l\u2019eutrophisation provoquent la mort des poissons qui surnagent, ventre en l\u2019air, dans les eaux avari\u00e9es de l\u2019\u00e9tendue d\u2019eau stagnante de ce que f\u00fbt l\u2019estuaire de la \u00ab\u00a0M\u00e8re du Printemps\u00a0\u00bb sous les remparts d\u2019Azemmour. Au secours, Votre Majest\u00e9. On se meurt par la hogra et la n\u00e9gligence incompr\u00e9hensibles.<\/p>\n<p class=\"has-black-color has-text-color\">Dans la m\u00eame zone, l\u2019exploitation des algues rouges du littoral des Doukkala suscite des interpellations sur le sort r\u00e9serv\u00e9 aux plongeurs qui cueillent le Gelidium sesquipedale des fonds rocheux en profondeur. Le temps du ramassage sur l\u2019estran est r\u00e9volu. La r\u00e9glementation de la commercialisation des agarophytes semble privil\u00e9gier le capital beaucoup plus que la population des p\u00eacheurs traditionnels qui peinent \u00e0 subsister et \u00e0 faire vivre leurs familles. Le d\u00e9veloppement d\u2019une exploitation r\u00e9fl\u00e9chie et durable des ressources algales reste encore \u00e0 l\u2019ordre du jour.<\/p>\n<p class=\"has-black-color has-text-color\">La p\u00eache c\u00f4ti\u00e8re, encore qualifi\u00e9e d\u2019artisanale, cherche encore sa \u00ab\u00a0durabilit\u00e9, sa performance et sa comp\u00e9titivit\u00e9\u00a0\u00bb \u00e0 travers son \u00e9quipement, les aires de d\u00e9barquement, la chaine de froid n\u00e9cessaire, l\u2019entreposage des produits de la mer et leurs commercialisations ainsi que la formation et la protection sociale des p\u00eacheurs et de leurs familles. Ces derniers restent relativement mieux lotis que les ramasseurs de moules qui n\u2019ont pas eu encore \u00ab\u00a0le coup de pouce\u00a0\u00bb de l\u2019INDH \u00e0 l\u2019instar des escargotiers ambulants.<\/p>\n<p class=\"has-black-color has-text-color\">Les risques encourus par la zone littorale suite au changement climatique tels que l\u2019\u00e9l\u00e9vation du niveau de la mer, l\u2019\u00e9rosion c\u00f4ti\u00e8re, l\u2019\u00e9volution du fonctionnement des \u00e9cosyst\u00e8mes, la salinisation des aquif\u00e8res c\u00f4tiers ne sont pas \u00e0 n\u00e9gliger et pourraient exacerber les conflits d\u2019usage de cet espace de transition et de ses ressources. La ressource en eau dans les zones de maraichage adjacentes est menac\u00e9e et le recours au dessalement de l\u2019eau de mer s\u2019impose \u00e0 cet effet et pour l\u2019alimentation en eau potable des agglom\u00e9rations.<\/p>\n<p class=\"has-black-color has-text-color\">La \u00ab\u00a0peur pour l\u2019environnement et l\u2019\u00e9cologie qui nous entourent, pour notre sant\u00e9 et (notre) alimentation ? pour nos for\u00eats ? pour nos plages ? pour notre \u00e9cosyst\u00e8me ? pour notre nature ? pour nos ressources ? pour nos esp\u00e8ces v\u00e9g\u00e9tales et animales ?\u00a0\u00bb qui est partag\u00e9e avec d\u2019autres habitants de notre beau pays est le message que porte cette \u00ab\u00a0bouteille \u00e0 la mer\u00a0\u00bb dans l\u2019espoir que l\u2019aggravation de l\u2019empreinte \u00e9cologique du Maroc soit corrig\u00e9e.<\/p>\n<p class=\"has-black-color has-text-color\">On ne peut que souscrire avec Hynd Bouhia (Policy Center For The New South, F\u00e9vrier 2020, PB-20\/08) aux six finalit\u00e9s du d\u00e9veloppement durable pour la soci\u00e9t\u00e9 marocaine\u00a0: 1. l\u2019attractivit\u00e9 \u00e9conomique et sociale des territoires, 2. l\u2019utilisation optimale des ressources naturelles, 3. la r\u00e9silience de la soci\u00e9t\u00e9 contre les chocs climatiques, \u00e9nerg\u00e9tiques, technologiques, et \u00e9conomiques, 4. la protection des ressources naturelles et l\u2019att\u00e9nuation des externalit\u00e9s environnementales, 5. la coh\u00e9sion sociale (la mixit\u00e9 et le lien social, les valeurs et la prosp\u00e9rit\u00e9 partag\u00e9e, l\u2019\u00e9quit\u00e9 et la justice sociale, service public performant, la d\u00e9mocratie) 6. le bien-\u00eatre du citoyen (l\u2019acc\u00e8s \u00e0 un environnement sain et durable, l\u2019\u00e9panouissement par la culture, l\u2019\u00e9ducation, la sant\u00e9, le droit \u00e0 l\u2019emploi,\u00a0 ..).<\/p>\n<p class=\"has-black-color has-text-color\">C\u2019est, \u00ab\u00a0en d\u00e9multipliant cette approche \u00e0 tous les niveaux local, national, r\u00e9gional, (que) nous pr\u00e9parons un futur meilleur pour nos enfants et pour la prochaine g\u00e9n\u00e9ration. La r\u00e9ussite de cette transition vers un mod\u00e8le de d\u00e9veloppement durable suppose la mise en place d\u2019un nouveau pacte \u00e9conomique social et environnemental qui met tous les citoyens, et surtout les femmes et les jeunes, au c\u0153ur du processus de la prise de d\u00e9cision. \u00bb. Salam.<\/p>\n<p>L\u2019article <a rel=\"nofollow\" href=\"http:\/\/albayane.press.ma\/une-bouteille-a-la-mer.html\">Une bouteille \u00e0 la mer \u2026<\/a> est apparu en premier sur <a rel=\"nofollow\" href=\"http:\/\/albayane.press.ma\/\">ALBAYANE<\/a>.<\/p>\n<\/div>\n<p>Auteur: M&rsquo;hammed rahal<br \/>\n<a href=\"http:\/\/albayane.press.ma\/une-bouteille-a-la-mer.html\">Cliquez ici pour lire l&rsquo;article depuis sa source.<\/a><\/p>\n","protected":false},"excerpt":{"rendered":"<p>La canicule s\u2019emballe\u00a0! Le pic de chaleur est tel que des for\u00eats s\u2019enflamment et plusieurs dizaines d\u2019hectares de v\u00e9g\u00e9tation naturelle sont partis en fum\u00e9e. Suite \u00e0 \u00ab\u00a0un \u00e9norme blocage anticyclonique entre le Maroc et l\u2019Espagne\u00a0\u00bb, la chaleur s\u00e9vit avec des temp\u00e9ratures extr\u00eames enregistrant des records. L\u2019air est brulant, m\u00eame la nuit. Le bord de mer [&hellip;]<\/p>\n","protected":false},"author":1760,"featured_media":0,"comment_status":"closed","ping_status":"closed","sticky":false,"template":"","format":"standard","meta":{"fifu_image_url":"","fifu_image_alt":"","footnotes":""},"categories":[73,54],"tags":[],"class_list":["post-121458","post","type-post","status-publish","format-standard","hentry","category-actualite","category-maroc"],"_links":{"self":[{"href":"https:\/\/linitiative.ca\/International\/wp-json\/wp\/v2\/posts\/121458","targetHints":{"allow":["GET"]}}],"collection":[{"href":"https:\/\/linitiative.ca\/International\/wp-json\/wp\/v2\/posts"}],"about":[{"href":"https:\/\/linitiative.ca\/International\/wp-json\/wp\/v2\/types\/post"}],"author":[{"embeddable":true,"href":"https:\/\/linitiative.ca\/International\/wp-json\/wp\/v2\/users\/1760"}],"replies":[{"embeddable":true,"href":"https:\/\/linitiative.ca\/International\/wp-json\/wp\/v2\/comments?post=121458"}],"version-history":[{"count":0,"href":"https:\/\/linitiative.ca\/International\/wp-json\/wp\/v2\/posts\/121458\/revisions"}],"wp:attachment":[{"href":"https:\/\/linitiative.ca\/International\/wp-json\/wp\/v2\/media?parent=121458"}],"wp:term":[{"taxonomy":"category","embeddable":true,"href":"https:\/\/linitiative.ca\/International\/wp-json\/wp\/v2\/categories?post=121458"},{"taxonomy":"post_tag","embeddable":true,"href":"https:\/\/linitiative.ca\/International\/wp-json\/wp\/v2\/tags?post=121458"}],"curies":[{"name":"wp","href":"https:\/\/api.w.org\/{rel}","templated":true}]}}