{"id":121459,"date":"2021-07-14T14:00:00","date_gmt":"2021-07-14T18:00:00","guid":{"rendered":"https:\/\/linitiative.ca\/International\/la-jeunesse-socialiste-flamboie-a-agadir\/"},"modified":"2021-07-14T14:00:00","modified_gmt":"2021-07-14T18:00:00","slug":"la-jeunesse-socialiste-flamboie-a-agadir","status":"publish","type":"post","link":"https:\/\/linitiative.ca\/International\/la-jeunesse-socialiste-flamboie-a-agadir\/","title":{"rendered":"La jeunesse socialiste flamboie \u00e0 Agadir"},"content":{"rendered":"<div>\n<p class=\"has-vivid-cyan-blue-color has-text-color\"><strong>Abdellatif Ouammou\u00a0: \u00ab\u00a0les jeunes ont cette capacit\u00e9 de s\u2019\u00e9panouir et de se raffermir\u00a0\u00bb<\/strong><\/p>\n<p class=\"has-vivid-cyan-blue-color has-text-color\"><strong>Youn\u00e8s Siraj\u00a0:\u00a0\u00ab\u00a0 La JS est fortement engag\u00e9e aux c\u00f4t\u00e9s du PPS dans les \u00e9ch\u00e9ances \u00e0 venir\u00a0\u00bb<\/strong><\/p>\n<p class=\"has-black-color has-text-color\"><strong>C\u2019est dans une atmosph\u00e8re bon enfant que la rencontre de formation au profit des jeunes militants et militantes des sections de la jeunesse socialite de la r\u00e9gion Souss Massa, a ouvert ses portes par cette c\u00e9r\u00e9monie conviviale dans la grande salle de l\u2019h\u00f4tel Anezi d\u2019Agadir.<\/strong><\/p>\n<p class=\"has-black-color has-text-color\">La s\u00e9ance d\u2019ouverture a \u00e9t\u00e9 marqu\u00e9e par la pr\u00e9sence d\u2019un parterre de dirigeants du parti, Abdellatif Ouammou, Mustapha Addichane et Saoudi El Amalki, une pl\u00e9iade de membres du bureau national de la jeunesse socialiste, Youn\u00e8s Siraj, pr\u00e9sident de l\u2019organisation, Le\u00efla Dakiri et Mehdi Diouane, charg\u00e9s du suivi des affaires des sections de la JS dans la r\u00e9gion Souss Massa et une imposante assistance, compos\u00e9e de jeunes de la r\u00e9gion.<\/p>\n<p class=\"has-black-color has-text-color\">Lan\u00e7ant le bal de cette sympathique s\u00e9ance introductive, Mehdi Diouane s\u2019est f\u00e9licit\u00e9 de cette pr\u00e9sence massive, a plac\u00e9 le contexte dans lequel se tient cette formation et a pass\u00e9, par la suite, la parole \u00e0 Youn\u00e8s Siraj, pr\u00e9sident de la Jeunesse socialiste, qui, \u00e0 son tour, n\u2019a pas manqu\u00e9 de rendre hommage \u00e0 ces jeunes qui font preuve d\u2019attachement et de volont\u00e9 pour se forger au sein de leur cadre. \u00ab\u00a0Vous savez, la jeunesse socialiste a toujours \u00e9t\u00e9 une \u00e9cole militante pour les g\u00e9n\u00e9rations montantes, depuis maintenant un demi si\u00e8cle. C\u2019est une p\u00e9pini\u00e8re f\u00e9conde pour le parti sous l\u2019\u00e9tendard duquel elle \u00e9volue, sans toutefois lui imposer les recettes \u00e0 suivre dans leur ligne de d\u00e9marche. Le parti nous soutient tout au long de notre parcours sans tr\u00eave ni d\u00e9robade. Il nous appartient \u00e0 pr\u00e9sent et \u00e0 la veille de chaque \u00e9v\u00e9nement qui co\u00efncide avec la p\u00e9riode \u00e9lectorale, de l\u2019appuyer et de l\u2019assister dans cette \u00e2pre \u00e9preuve\u00bb, disait en fanfare le jeune leader socialiste, tout en appelant les militants \u00e0 l\u2019implication dans toutes les \u00e9tapes de cette mission.<\/p>\n<p class=\"has-black-color has-text-color\">De son c\u00f4t\u00e9, le b\u00e2tonnier Abdellatif Ouammou enfantait \u00e0 cette jeune audience, un discours \u00e0 la fois p\u00e9dagogique et mobilisateur. \u00ab\u00a0 Les jeunes constituaient sans rel\u00e2che, un gisement de panache et un vivier de f\u00e9condit\u00e9 dans notre parti qui avait bien t\u00f4t l\u2019id\u00e9e de cr\u00e9er un affluent de reproduction pour son itin\u00e9raire de militance. La jeunesse a constamment cette capacit\u00e9 de revigorer la vie du parti, \u00e0 travers ses id\u00e9es \u00e9volutives et ses conceptions novatrices, mais aussi son inspiration innovante qui fait que le parti ne meurt jamais. Vous avez donc la chance de m\u00fbrir au sein d\u2019un grand parti qu\u2019est le PPS qui aura bient\u00f4t conclu ses huit d\u00e9cennies\u00a0!\u00a0\u00bb.<\/p>\n<p class=\"has-black-color has-text-color\">Cette c\u00e9r\u00e9monie s\u2019est donc achev\u00e9e dans un climat de reconnaissance et d\u2019hommage en direction d\u2019une flop\u00e9e de militants qui ont contribu\u00e9, durant une bonne partie de leur vie, \u00e0 l\u2019ascension et la continuit\u00e9 du parti dans la r\u00e9gion Souss Massa.<\/p>\n<p class=\"has-black-color has-text-color\">La rencontre s\u2019est poursuivie, pendant deux jours d\u2019affil\u00e9e, par des ateliers de formation, anim\u00e9s par les camarades Mustapha Addichane et Saoudi El Amalki, membres du bureau politique du PPS. Lesquels ateliers ont connu un succ\u00e8s probant et une interaction fructueuse de la part des b\u00e9n\u00e9ficiaires, sous la supervision efficace des membres du bureau national de la jeunesse socialiste.<\/p>\n<p class=\"has-black-color has-text-color\">Les th\u00e8mes de ces sessions de formation s\u2019articulaient autour des volets ayant trait aux lois des \u00e9lections, aux m\u00e9canismes et outils de communication, aux \u00e9l\u00e9ments de l\u2019\u00e9laboration du programme \u00e9lectoral et aux phases lumineuses de l\u2019histoire et \u00e9volution du PPS.<\/p>\n<p class=\"has-black-color has-text-color\">Il faut dire enfin que cette rencontre a permis non seulement \u00e0 assurer une certaine formation pour les jeunes mais \u00e9galement \u00e0 tisser des passerelles de connaissance et de solidarit\u00e9 entre les jeunes de la r\u00e9gion Souss Massa.<\/p>\n<figure class=\"wp-block-gallery columns-3 is-cropped\">\n<ul class=\"blocks-gallery-grid\">\n<li class=\"blocks-gallery-item\">\n<figure><img decoding=\"async\" loading=\"lazy\" width=\"500\" height=\"300\" src=\"https:\/\/linitiative.ca\/International\/wp-content\/uploads\/sites\/23\/2021\/07\/Amalki-3.png\" alt=\"\" data-id=\"116910\" class=\"wp-image-116910\"><\/figure>\n<\/li>\n<li class=\"blocks-gallery-item\">\n<figure><img decoding=\"async\" loading=\"lazy\" width=\"500\" height=\"300\" src=\"https:\/\/linitiative.ca\/International\/wp-content\/uploads\/sites\/23\/2021\/07\/image-10-3.png\" alt=\"\" data-id=\"116912\" data-link=\"http:\/\/albayane.press.ma\/?attachment_id=116912#main\" class=\"wp-image-116912\"><\/figure>\n<\/li>\n<li class=\"blocks-gallery-item\">\n<figure><img decoding=\"async\" loading=\"lazy\" width=\"500\" height=\"300\" src=\"https:\/\/linitiative.ca\/International\/wp-content\/uploads\/sites\/23\/2021\/07\/image-13-1.png\" alt=\"\" data-id=\"116913\" data-link=\"http:\/\/albayane.press.ma\/?attachment_id=116913#main\" class=\"wp-image-116913\"><\/figure>\n<\/li>\n<li class=\"blocks-gallery-item\">\n<figure><img decoding=\"async\" loading=\"lazy\" width=\"508\" height=\"300\" src=\"https:\/\/linitiative.ca\/International\/wp-content\/uploads\/sites\/23\/2021\/07\/image-20.png\" alt=\"\" data-id=\"116914\" data-link=\"http:\/\/albayane.press.ma\/?attachment_id=116914#main\" class=\"wp-image-116914\"><\/figure>\n<\/li>\n<li class=\"blocks-gallery-item\">\n<figure><img decoding=\"async\" loading=\"lazy\" width=\"500\" height=\"300\" src=\"https:\/\/linitiative.ca\/International\/wp-content\/uploads\/sites\/23\/2021\/07\/image-9-3.png\" alt=\"\" data-id=\"116915\" data-link=\"http:\/\/albayane.press.ma\/?attachment_id=116915#main\" class=\"wp-image-116915\"><\/figure>\n<\/li>\n<li class=\"blocks-gallery-item\">\n<figure><img decoding=\"async\" loading=\"lazy\" width=\"500\" height=\"300\" src=\"https:\/\/linitiative.ca\/International\/wp-content\/uploads\/sites\/23\/2021\/07\/image-16.png\" alt=\"\" data-id=\"116916\" data-full-url=\"https:\/\/linitiative.ca\/International\/wp-content\/uploads\/sites\/23\/2021\/07\/image-16.png\" data-link=\"http:\/\/albayane.press.ma\/?attachment_id=116916#main\" class=\"wp-image-116916\"><\/figure>\n<\/li>\n<\/ul>\n<\/figure>\n<p>L\u2019article <a rel=\"nofollow\" href=\"http:\/\/albayane.press.ma\/la-jeunesse-socialiste-flamboie-a-agadir.html\">La jeunesse socialiste flamboie \u00e0 Agadir<\/a> est apparu en premier sur <a rel=\"nofollow\" href=\"http:\/\/albayane.press.ma\/\">ALBAYANE<\/a>.<\/p>\n<\/div>\n<p>Auteur: M&rsquo;hammed rahal<br \/>\n<a href=\"http:\/\/albayane.press.ma\/la-jeunesse-socialiste-flamboie-a-agadir.html\">Cliquez ici pour lire l&rsquo;article depuis sa source.<\/a><\/p>\n","protected":false},"excerpt":{"rendered":"<p>Abdellatif Ouammou\u00a0: \u00ab\u00a0les jeunes ont cette capacit\u00e9 de s\u2019\u00e9panouir et de se raffermir\u00a0\u00bb Youn\u00e8s Siraj\u00a0:\u00a0\u00ab\u00a0 La JS est fortement engag\u00e9e aux c\u00f4t\u00e9s du PPS dans les \u00e9ch\u00e9ances \u00e0 venir\u00a0\u00bb C\u2019est dans une atmosph\u00e8re bon enfant que la rencontre de formation au profit des jeunes militants et militantes des sections de la jeunesse socialite de la [&hellip;]<\/p>\n","protected":false},"author":1760,"featured_media":0,"comment_status":"closed","ping_status":"closed","sticky":false,"template":"","format":"standard","meta":{"fifu_image_url":"http:\/\/albayane.press.ma\/wp-content\/uploads\/Amalki-3.png","fifu_image_alt":"La jeunesse socialiste flamboie \u00e0 Agadir","footnotes":""},"categories":[73,54],"tags":[],"class_list":["post-121459","post","type-post","status-publish","format-standard","hentry","category-actualite","category-maroc"],"_links":{"self":[{"href":"https:\/\/linitiative.ca\/International\/wp-json\/wp\/v2\/posts\/121459","targetHints":{"allow":["GET"]}}],"collection":[{"href":"https:\/\/linitiative.ca\/International\/wp-json\/wp\/v2\/posts"}],"about":[{"href":"https:\/\/linitiative.ca\/International\/wp-json\/wp\/v2\/types\/post"}],"author":[{"embeddable":true,"href":"https:\/\/linitiative.ca\/International\/wp-json\/wp\/v2\/users\/1760"}],"replies":[{"embeddable":true,"href":"https:\/\/linitiative.ca\/International\/wp-json\/wp\/v2\/comments?post=121459"}],"version-history":[{"count":0,"href":"https:\/\/linitiative.ca\/International\/wp-json\/wp\/v2\/posts\/121459\/revisions"}],"wp:attachment":[{"href":"https:\/\/linitiative.ca\/International\/wp-json\/wp\/v2\/media?parent=121459"}],"wp:term":[{"taxonomy":"category","embeddable":true,"href":"https:\/\/linitiative.ca\/International\/wp-json\/wp\/v2\/categories?post=121459"},{"taxonomy":"post_tag","embeddable":true,"href":"https:\/\/linitiative.ca\/International\/wp-json\/wp\/v2\/tags?post=121459"}],"curies":[{"name":"wp","href":"https:\/\/api.w.org\/{rel}","templated":true}]}}