{"id":121470,"date":"2021-07-15T07:00:00","date_gmt":"2021-07-15T11:00:00","guid":{"rendered":"https:\/\/linitiative.ca\/International\/lalgerie-continuera-a-promouvoir-les-valeurs-du-multilateralisme\/"},"modified":"2021-07-15T07:00:00","modified_gmt":"2021-07-15T11:00:00","slug":"lalgerie-continuera-a-promouvoir-les-valeurs-du-multilateralisme","status":"publish","type":"post","link":"https:\/\/linitiative.ca\/International\/lalgerie-continuera-a-promouvoir-les-valeurs-du-multilateralisme\/","title":{"rendered":"\u201cL\u2019Alg\u00e9rie continuera \u00e0 promouvoir les valeurs du multilat\u00e9ralisme\u201d"},"content":{"rendered":"<div>S\u2019agissant du Sahara occidental, M. Lamamra a indiqu\u00e9 que \u201cla reprise du conflit arm\u00e9, entre le royaume du Maroc et le Front Polisario, m\u00e9rite une plus grande attention de la communaut\u00e9 internationale\u201d.<\/div>\n<p>Auteur:<br \/>\n<a href=\"https:\/\/www.liberte-algerie.com\/international\/lalgerie-continuera-a-promouvoir-les-valeurs-du-multilateralisme-361984\">Cliquez ici pour lire l&rsquo;article depuis sa source.<\/a><\/p>\n","protected":false},"excerpt":{"rendered":"<p>S\u2019agissant du Sahara occidental, M. Lamamra a indiqu\u00e9 que \u201cla reprise du conflit arm\u00e9, entre le royaume du Maroc et le Front Polisario, m\u00e9rite une plus grande attention de la communaut\u00e9 internationale\u201d. Auteur: Cliquez ici pour lire l&rsquo;article depuis sa source.<\/p>\n","protected":false},"author":1742,"featured_media":0,"comment_status":"closed","ping_status":"closed","sticky":false,"template":"","format":"standard","meta":{"fifu_image_url":"","fifu_image_alt":"","footnotes":""},"categories":[73,53],"tags":[],"class_list":["post-121470","post","type-post","status-publish","format-standard","hentry","category-actualite","category-algerie"],"_links":{"self":[{"href":"https:\/\/linitiative.ca\/International\/wp-json\/wp\/v2\/posts\/121470","targetHints":{"allow":["GET"]}}],"collection":[{"href":"https:\/\/linitiative.ca\/International\/wp-json\/wp\/v2\/posts"}],"about":[{"href":"https:\/\/linitiative.ca\/International\/wp-json\/wp\/v2\/types\/post"}],"author":[{"embeddable":true,"href":"https:\/\/linitiative.ca\/International\/wp-json\/wp\/v2\/users\/1742"}],"replies":[{"embeddable":true,"href":"https:\/\/linitiative.ca\/International\/wp-json\/wp\/v2\/comments?post=121470"}],"version-history":[{"count":0,"href":"https:\/\/linitiative.ca\/International\/wp-json\/wp\/v2\/posts\/121470\/revisions"}],"wp:attachment":[{"href":"https:\/\/linitiative.ca\/International\/wp-json\/wp\/v2\/media?parent=121470"}],"wp:term":[{"taxonomy":"category","embeddable":true,"href":"https:\/\/linitiative.ca\/International\/wp-json\/wp\/v2\/categories?post=121470"},{"taxonomy":"post_tag","embeddable":true,"href":"https:\/\/linitiative.ca\/International\/wp-json\/wp\/v2\/tags?post=121470"}],"curies":[{"name":"wp","href":"https:\/\/api.w.org\/{rel}","templated":true}]}}