{"id":121471,"date":"2021-07-14T20:27:10","date_gmt":"2021-07-15T00:27:10","guid":{"rendered":"https:\/\/linitiative.ca\/International\/presentation-et-signature-du-premier-recueil-de-rafik-moudrik\/"},"modified":"2021-07-14T20:27:10","modified_gmt":"2021-07-15T00:27:10","slug":"presentation-et-signature-du-premier-recueil-de-rafik-moudrik","status":"publish","type":"post","link":"https:\/\/linitiative.ca\/International\/presentation-et-signature-du-premier-recueil-de-rafik-moudrik\/","title":{"rendered":"Pr\u00e9sentation et signature du premier recueil de Rafik Moudrik"},"content":{"rendered":"<div>\n<div style=\"margin-bottom:20px;\"><img loading=\"lazy\" decoding=\"async\" width=\"750\" height=\"430\" src=\"https:\/\/linitiative.ca\/International\/wp-content\/uploads\/sites\/23\/2021\/07\/Essaouira-copier-2.jpg\" class=\"attachment-post-thumbnail size-post-thumbnail wp-post-image\" alt=\"\" srcset=\"https:\/\/linitiative.ca\/International\/wp-content\/uploads\/sites\/23\/2021\/07\/Essaouira-copier-2.jpg 750w, http:\/\/www.mapmarrakech.ma\/map\/uploads\/2021\/07\/Essaouira-copier-2-300x172.jpg 300w\" sizes=\"auto, (max-width: 750px) 100vw, 750px\"><\/div>\n<p>Initi\u00e9e par la Rabita nationale des po\u00e8tes du Maroc, en partenariat avec l\u2019Association Essaouira-Mogador et l\u2019Association \u00ab\u00a0Horizon\u00a0\u00bb pour la culture et le patrimoine, cette c\u00e9r\u00e9monie s\u2019est d\u00e9roul\u00e9e en pr\u00e9sence d\u2019une brochette d\u2019intellectuels, \u00e9crivains, po\u00e8tes, critiques et hommes de lettres, outre d\u2019acteurs issus de diff\u00e9rents horizons.<\/p>\n<p>De format moyen (116 pages), ce recueil comprend 43 po\u00e8mes traitant de diverses th\u00e9matiques allant de l\u2019affectif au patriotique, en passant par des sujets v\u00e9hiculant des messages \u00e0 caract\u00e8re social \u00e0 l\u2019adresse des diff\u00e9rentes cat\u00e9gories de la soci\u00e9t\u00e9.<\/p>\n<p>Dans une d\u00e9claration \u00e0 la MAP \u00e0 cette occasion, M. Modrik a expliqu\u00e9 que l\u2019interaction positive et l\u2019\u00e9cho tr\u00e8s favorable suscit\u00e9s aupr\u00e8s des lecteurs par ses po\u00e8mes, publi\u00e9s sur l\u2019espace bleu, l\u2019ont fortement incit\u00e9 \u00e0 se lancer dans cette exp\u00e9rience in\u00e9dite de publication de son premier recueil.<\/p>\n<p>Il a, dans ce sens, tenu \u00e0 saluer le soutien et l\u2019appui apport\u00e9s par des amis et intellectuels qui l\u2019ont encourag\u00e9 \u00e0 \u00ab\u00a0sortir de l\u2019ombre\u00a0\u00bb et \u00e0 permettre au large public passionn\u00e9 de po\u00e9sie et aux sp\u00e9cialistes de d\u00e9couvrir sa finesse et sa subtilit\u00e9 po\u00e9tique \u00e0 travers ce recueil qui vient ainsi enrichir la sc\u00e8ne litt\u00e9raire et culturelle de la cit\u00e9 des Aliz\u00e9s.<\/p>\n<p>\u00ab\u00a0L\u2019id\u00e9e a ainsi bien m\u00fbri pour lancer cet ouvrage afin de pouvoir aussi se mettre \u00e0 l\u2019\u00e9preuve de l\u2019appr\u00e9ciation et de l\u2019\u00e9valuation de mon travail et de mes \u0153uvres par les fins connaisseurs et les observateurs\u00a0\u00bb, a-t-il encha\u00een\u00e9.<\/p>\n<p>L\u2019intitul\u00e9 de ce recueil \u00ab\u00a0induit en erreur\u00a0\u00bb et incite \u00e0 poser une question d\u00e9cisive : comment Moudrik a pu acqu\u00e9rir toute cette finesse po\u00e9tique alors qu\u2019il vient de partir \u00e0 la retraite?, \u00e9crit, de son c\u00f4t\u00e9, le professeur Abdellatif Essabki dans la pr\u00e9face du livre.<\/p>\n<p>Il a, dans ce sillage, mis en avant la sensibilit\u00e9 et le sens po\u00e9tiques bien enracin\u00e9s depuis longtemps chez ce po\u00e8te, mais qu\u2019il dissimulait en restant dans l\u2019ombre, loin des projecteurs.<\/p>\n<p>N\u00e9 en 1959, M. Modrik a \u00e9t\u00e9 prim\u00e9 \u00e0 plusieurs reprises. Ancien cadre de l\u2019Entraide Nationale actuellement \u00e0 la retraite, ce po\u00e8te compte \u00e0 son actif une s\u00e9rie de contributions litt\u00e9raires publi\u00e9es dans des magazines et des journaux nationaux et \u00e9trangers.<\/p>\n<p>The post <a rel=\"nofollow\" href=\"http:\/\/www.mapmarrakech.ma\/fr\/presentation-et-signature-du-premier-recueil-de-rafik-moudrik\/\">Pr\u00e9sentation et signature du premier recueil de Rafik Moudrik<\/a> appeared first on <a rel=\"nofollow\" href=\"http:\/\/www.mapmarrakech.ma\/fr\">MapMarrakech<\/a>.<\/p>\n<\/div>\n<p>Auteur: Meriem IGASS<br \/>\n<a href=\"http:\/\/www.mapmarrakech.ma\/fr\/presentation-et-signature-du-premier-recueil-de-rafik-moudrik\/\">Cliquez ici pour lire l&rsquo;article depuis sa source.<\/a><\/p>\n","protected":false},"excerpt":{"rendered":"<p>Initi\u00e9e par la Rabita nationale des po\u00e8tes du Maroc, en partenariat avec l\u2019Association Essaouira-Mogador et l\u2019Association \u00ab\u00a0Horizon\u00a0\u00bb pour la culture et le patrimoine, cette c\u00e9r\u00e9monie s\u2019est d\u00e9roul\u00e9e en pr\u00e9sence d\u2019une brochette d\u2019intellectuels, \u00e9crivains, po\u00e8tes, critiques et hommes de lettres, outre d\u2019acteurs issus de diff\u00e9rents horizons. De format moyen (116 pages), ce recueil comprend 43 po\u00e8mes [&hellip;]<\/p>\n","protected":false},"author":1788,"featured_media":0,"comment_status":"closed","ping_status":"closed","sticky":false,"template":"","format":"standard","meta":{"fifu_image_url":"http:\/\/www.mapmarrakech.ma\/map\/uploads\/2021\/07\/Essaouira-copier-2.jpg","fifu_image_alt":"Pr\u00e9sentation et signature du premier recueil de Rafik Moudrik","footnotes":""},"categories":[54,76],"tags":[],"class_list":["post-121471","post","type-post","status-publish","format-standard","hentry","category-maroc","category-regions"],"_links":{"self":[{"href":"https:\/\/linitiative.ca\/International\/wp-json\/wp\/v2\/posts\/121471","targetHints":{"allow":["GET"]}}],"collection":[{"href":"https:\/\/linitiative.ca\/International\/wp-json\/wp\/v2\/posts"}],"about":[{"href":"https:\/\/linitiative.ca\/International\/wp-json\/wp\/v2\/types\/post"}],"author":[{"embeddable":true,"href":"https:\/\/linitiative.ca\/International\/wp-json\/wp\/v2\/users\/1788"}],"replies":[{"embeddable":true,"href":"https:\/\/linitiative.ca\/International\/wp-json\/wp\/v2\/comments?post=121471"}],"version-history":[{"count":0,"href":"https:\/\/linitiative.ca\/International\/wp-json\/wp\/v2\/posts\/121471\/revisions"}],"wp:attachment":[{"href":"https:\/\/linitiative.ca\/International\/wp-json\/wp\/v2\/media?parent=121471"}],"wp:term":[{"taxonomy":"category","embeddable":true,"href":"https:\/\/linitiative.ca\/International\/wp-json\/wp\/v2\/categories?post=121471"},{"taxonomy":"post_tag","embeddable":true,"href":"https:\/\/linitiative.ca\/International\/wp-json\/wp\/v2\/tags?post=121471"}],"curies":[{"name":"wp","href":"https:\/\/api.w.org\/{rel}","templated":true}]}}