{"id":121473,"date":"2021-07-15T05:17:51","date_gmt":"2021-07-15T09:17:51","guid":{"rendered":"https:\/\/linitiative.ca\/International\/la-province-de-rehamna-celebre-lentreprenariat-des-jeunes\/"},"modified":"2021-07-15T05:17:51","modified_gmt":"2021-07-15T09:17:51","slug":"la-province-de-rehamna-celebre-lentreprenariat-des-jeunes","status":"publish","type":"post","link":"https:\/\/linitiative.ca\/International\/la-province-de-rehamna-celebre-lentreprenariat-des-jeunes\/","title":{"rendered":"La province de Rehamna c\u00e9l\u00e8bre l\u2019entreprenariat des jeunes"},"content":{"rendered":"<div>\n<div style=\"margin-bottom:20px;\"><img loading=\"lazy\" decoding=\"async\" width=\"750\" height=\"430\" src=\"https:\/\/linitiative.ca\/International\/wp-content\/uploads\/sites\/23\/2021\/07\/rehamna-copier-1.jpg\" class=\"attachment-post-thumbnail size-post-thumbnail wp-post-image\" alt=\"\" srcset=\"https:\/\/linitiative.ca\/International\/wp-content\/uploads\/sites\/23\/2021\/07\/rehamna-copier-1.jpg 750w, http:\/\/www.mapmarrakech.ma\/map\/uploads\/2021\/07\/rehamna-copier-1-300x172.jpg 300w\" sizes=\"auto, (max-width: 750px) 100vw, 750px\"><\/div>\n<p>Lors de cette c\u00e9r\u00e9monie, pr\u00e9sid\u00e9e par le gouverneur de la province de Rehamna, M. Aziz Bouignane, en pr\u00e9sence d\u2019\u00e9lus, d\u2019op\u00e9rateurs \u00e9conomiques de la province, et des jeunes porteurs de projets, le Comit\u00e9 Provincial de D\u00e9veloppement Humain (CPDH) a pr\u00e9sent\u00e9 le bilan des r\u00e9alisations de \u00ab\u00a0la Plateforme des jeunes de Rehamna\u00a0\u00bb, cr\u00e9\u00e9e en 2020, avec pour missions l\u2019accompagnement, l\u2019encadrement, la formation et l\u2019orientation des jeunes porteurs de projets, dans l\u2019optique de r\u00e9ussir leur insertion dans le tissu \u00e9conomique.<\/p>\n<p>L\u2019accent a \u00e9t\u00e9 mis \u00e0 cette occasion sur les deux programmes phares de cette plateforme \u00e0 savoir : le renforcement des comp\u00e9tences des jeunes dipl\u00f4m\u00e9s et le programme de soutien, d\u2019accompagnement des jeunes porteurs de projets, outre des ateliers de formation, de trois mois, autour de l\u2019environnement de l\u2019entreprise, l\u2019entrepreneuriat, l\u2019accompagnement individuel et la commercialisation.<\/p>\n<p>Intervenant \u00e0 cette occasion, M. Bouignane, a soulign\u00e9 que cette rencontre vise \u00e0 f\u00eater les jeunes porteurs de projets issus de la province qui ont fait preuve d\u2019esprit cr\u00e9atif et entrepreneurial, tout en affichant leur volont\u00e9 de contribuer dans le processus de d\u00e9veloppement que connait la province.<\/p>\n<p>Dans ce cadre, il a mis en relief les r\u00e9alisations socio\u00e9conomiques dans la province qui se veulent l\u2019aboutissement des projets de grande envergure lanc\u00e9s par Sa Majest\u00e9 le Roi Mohammed VI dans cette partie du territoire national, lesquels ont fait de Rehamna un mod\u00e8le au niveau national dans le domaine du d\u00e9veloppement humain et du d\u00e9veloppement durable.<\/p>\n<p>Dans ce contexte, M. Bouignane s\u2019est f\u00e9licit\u00e9 de voir la province class\u00e9e premi\u00e8re au niveau r\u00e9gional, en ce qui concerne le taux de r\u00e9ussite dans les examens du Baccalaur\u00e9at, alors que ce taux a \u00e9t\u00e9 de 100% dans le Lyc\u00e9e d\u2019Excellence cr\u00e9\u00e9e au niveau de la ville, ce qui t\u00e9moigne, a-t-il enchain\u00e9, de la pertinence de la cr\u00e9ation de cet \u00e9tablissement d\u2019enseignement secondaire, qui regroupe des \u00e9l\u00e8ves brillants issus de toutes les r\u00e9gions du Maroc.<\/p>\n<p>Cette c\u00e9r\u00e9monie, qui s\u2019est cl\u00f4tur\u00e9e avec la remise de certificats aux b\u00e9n\u00e9ficiaires de la session de formation, a \u00e9t\u00e9 aussi l\u2019occasion pour les b\u00e9n\u00e9ficiaires de ce programme de livrer leurs t\u00e9moignages autour d\u2019exp\u00e9riences r\u00e9ussies en mati\u00e8re de cr\u00e9ation de projets.<\/p>\n<p>Auparavant M. Bouignane avait visit\u00e9 le stand des produits issus de projets cr\u00e9\u00e9s par les jeunes dans le cadre du programme 3 \u00ab\u00a0Am\u00e9lioration du revenu et inclusion \u00e9conomique des jeunes\u00a0\u00bb de la Phase III de l\u2019INDH.<\/p>\n<p>S\u2019agissant du bilan du programme 3 \u00ab\u00a0Am\u00e9lioration du revenu et inclusion \u00e9conomique des jeunes\u00a0\u00bb de la Phase III de l\u2019INDH au niveau de la province de Rehamna, quelque 121 projets ont \u00e9t\u00e9 cr\u00e9\u00e9s au titre de l\u2019ann\u00e9e 2020-2021.<\/p>\n<p>D\u2019un co\u00fbt global de 21.617.814 DH, dont 42% comme contribution de l\u2019INDH, ces projets, dont 19 % de b\u00e9n\u00e9ficiaires sont des femmes, devront permettre de cr\u00e9er quelque 363 emplois directs au niveau de la province de Rehamna.<\/p>\n<p>Les projets cr\u00e9\u00e9s dans le cadre de ce programme concernent les secteurs de l\u2019industrie (19%), l\u2019artisanat (18%), l\u2019agriculture (12%), le textile (12%), l\u2019audiovisuel (10%) et la restauration (9%) en plus d\u2019autres secteurs \u00e9conomiques.<\/p>\n<p>Depuis son lancement en 2005 par Sa Majest\u00e9 le Roi Mohammed VI, l\u2019INDH a b\u00e9n\u00e9fici\u00e9 \u00e0 des millions de Marocains leur permettant de mieux tirer profit de leur potentiel.<\/p>\n<p>La phase III de l\u2019INDH, lanc\u00e9e en septembre 2018, est venue pour capitaliser sur ses acquis et recentrer ses programmes notamment, sur l\u2019impulsion du capital humain et la promotion des conditions des g\u00e9n\u00e9rations montantes.<\/p>\n<p>Cette phase porte sur plusieurs axes \u00e0 savoir : \u00ab\u00a0le rattrapage des d\u00e9ficits en infrastructures et services sociaux de base\u00a0\u00bb, \u00ab\u00a0l\u2019accompagnement des personnes en situation de pr\u00e9carit\u00e9\u00a0\u00bb, \u00ab\u00a0l\u2019am\u00e9lioration du revenu et inclusion \u00e9conomique des jeunes\u00a0\u00bb et \u00ab\u00a0l\u2019impulsion du capital humain des g\u00e9n\u00e9rations montantes\u00a0\u00bb, rappelle-t-on.<\/p>\n<p>The post <a rel=\"nofollow\" href=\"http:\/\/www.mapmarrakech.ma\/fr\/indh-la-province-de-rehamna-celebre-lentreprenariat-des-jeunes\/\">La province de Rehamna c\u00e9l\u00e8bre l\u2019entreprenariat des jeunes<\/a> appeared first on <a rel=\"nofollow\" href=\"http:\/\/www.mapmarrakech.ma\/fr\">MapMarrakech<\/a>.<\/p>\n<\/div>\n<p>Auteur: Meriem IGASS<br \/>\n<a href=\"http:\/\/www.mapmarrakech.ma\/fr\/indh-la-province-de-rehamna-celebre-lentreprenariat-des-jeunes\/\">Cliquez ici pour lire l&rsquo;article depuis sa source.<\/a><\/p>\n","protected":false},"excerpt":{"rendered":"<p>Lors de cette c\u00e9r\u00e9monie, pr\u00e9sid\u00e9e par le gouverneur de la province de Rehamna, M. Aziz Bouignane, en pr\u00e9sence d\u2019\u00e9lus, d\u2019op\u00e9rateurs \u00e9conomiques de la province, et des jeunes porteurs de projets, le Comit\u00e9 Provincial de D\u00e9veloppement Humain (CPDH) a pr\u00e9sent\u00e9 le bilan des r\u00e9alisations de \u00ab\u00a0la Plateforme des jeunes de Rehamna\u00a0\u00bb, cr\u00e9\u00e9e en 2020, avec pour [&hellip;]<\/p>\n","protected":false},"author":1788,"featured_media":0,"comment_status":"closed","ping_status":"closed","sticky":false,"template":"","format":"standard","meta":{"fifu_image_url":"http:\/\/www.mapmarrakech.ma\/map\/uploads\/2021\/07\/rehamna-copier-1.jpg","fifu_image_alt":"La province de Rehamna c\u00e9l\u00e8bre l\u2019entreprenariat des jeunes","footnotes":""},"categories":[54,76],"tags":[],"class_list":["post-121473","post","type-post","status-publish","format-standard","hentry","category-maroc","category-regions"],"_links":{"self":[{"href":"https:\/\/linitiative.ca\/International\/wp-json\/wp\/v2\/posts\/121473","targetHints":{"allow":["GET"]}}],"collection":[{"href":"https:\/\/linitiative.ca\/International\/wp-json\/wp\/v2\/posts"}],"about":[{"href":"https:\/\/linitiative.ca\/International\/wp-json\/wp\/v2\/types\/post"}],"author":[{"embeddable":true,"href":"https:\/\/linitiative.ca\/International\/wp-json\/wp\/v2\/users\/1788"}],"replies":[{"embeddable":true,"href":"https:\/\/linitiative.ca\/International\/wp-json\/wp\/v2\/comments?post=121473"}],"version-history":[{"count":0,"href":"https:\/\/linitiative.ca\/International\/wp-json\/wp\/v2\/posts\/121473\/revisions"}],"wp:attachment":[{"href":"https:\/\/linitiative.ca\/International\/wp-json\/wp\/v2\/media?parent=121473"}],"wp:term":[{"taxonomy":"category","embeddable":true,"href":"https:\/\/linitiative.ca\/International\/wp-json\/wp\/v2\/categories?post=121473"},{"taxonomy":"post_tag","embeddable":true,"href":"https:\/\/linitiative.ca\/International\/wp-json\/wp\/v2\/tags?post=121473"}],"curies":[{"name":"wp","href":"https:\/\/api.w.org\/{rel}","templated":true}]}}