{"id":121475,"date":"2021-07-15T10:07:21","date_gmt":"2021-07-15T14:07:21","guid":{"rendered":"https:\/\/linitiative.ca\/International\/hommage-aux-professeurs-et-cadres-administratifs-partant-a-la-retraite\/"},"modified":"2021-07-15T10:07:21","modified_gmt":"2021-07-15T14:07:21","slug":"hommage-aux-professeurs-et-cadres-administratifs-partant-a-la-retraite","status":"publish","type":"post","link":"https:\/\/linitiative.ca\/International\/hommage-aux-professeurs-et-cadres-administratifs-partant-a-la-retraite\/","title":{"rendered":"Hommage aux professeurs et cadres administratifs partant \u00e0 la retraite"},"content":{"rendered":"<div>\n<div style=\"margin-bottom:20px;\"><img loading=\"lazy\" decoding=\"async\" width=\"750\" height=\"430\" src=\"https:\/\/linitiative.ca\/International\/wp-content\/uploads\/sites\/23\/2021\/07\/hommage-copier-1.jpg\" class=\"attachment-post-thumbnail size-post-thumbnail wp-post-image\" alt=\"\" srcset=\"https:\/\/linitiative.ca\/International\/wp-content\/uploads\/sites\/23\/2021\/07\/hommage-copier-1.jpg 750w, http:\/\/www.mapmarrakech.ma\/map\/uploads\/2021\/07\/hommage-copier-1-300x172.jpg 300w\" sizes=\"auto, (max-width: 750px) 100vw, 750px\"><\/div>\n<p>Cette c\u00e9r\u00e9monie rehauss\u00e9e par la pr\u00e9sence notamment, du pr\u00e9sident de l\u2019UCAM, My Lhassan Hbid, le doyen de la facult\u00e9 de droit, M. Abdelkrim Outaleb, les diff\u00e9rents vices-doyens ainsi que le secr\u00e9taire g\u00e9n\u00e9ral de cet \u00e9tablissement de l\u2019enseignement sup\u00e9rieur et d\u2019autres personnalit\u00e9s, a \u00e9t\u00e9 de m\u00eame l\u2019occasion, d\u2019accueillir les nouveaux professeurs et cadres administratifs ayant rejoint r\u00e9cemment l\u2019UCAM.<\/p>\n<p>Cette initiative humaine se veut une tradition instaur\u00e9e par la Facult\u00e9 de Droit de Marrakech en signe de reconnaissance et de fid\u00e9lit\u00e9 pour ses cadres ayant achev\u00e9 leur noble mission d\u2019enseignement, de promotion de la connaissance et du savoir, et de formation de cadres et comp\u00e9tences et ce, apr\u00e8s un long parcours couronn\u00e9 de travail assidu, d\u2019abn\u00e9gation et de d\u00e9vouement.<\/p>\n<p>Il s\u2019agit, en outre, d\u2019une opportunit\u00e9 pour consacrer une nouvelle tradition, celle d\u2019accueillir les nouveaux cadres scientifiques et administratifs, les motiver pour servir de v\u00e9ritable \u00ab\u00a0rel\u00e8ve\u00a0\u00bb par rapport \u00e0 leurs pr\u00e9d\u00e9cesseurs, et de faciliter ainsi leur insertion professionnelle.<\/p>\n<p>Dans une allocution de circonstance, M. Hbid s\u2019est dit tr\u00e8s \u00e9mu de prendre part \u00e0 cette c\u00e9r\u00e9monie qui se veut un moment solennel de reconnaissance des multiples efforts consentis par \u00ab\u00a0les b\u00e2tisseurs\u00a0\u00bb de notre \u00e9tablissement d\u2019enseignement sup\u00e9rieur, celles et ceux qui ont donn\u00e9 beaucoup \u00e0 l\u2019UCAM qui se veut, d\u00e9sormais, un mod\u00e8le \u00e0 suivre en mati\u00e8re de recherche et de formation.<\/p>\n<p>\u00ab\u00a0Il m\u2019est tr\u00e8s difficile de parler de ces hommes et ces femmes qui ont beaucoup donn\u00e9 \u00e0 notre universit\u00e9 et qui gr\u00e2ce \u00e0 elles et \u00e0 eux, l\u2019UCAM s\u2019est forg\u00e9e une place de choix parmi les universit\u00e9s les plus prestigieuses. Une place rayonnante qui se veut une source de fiert\u00e9 pour nous\u00a0\u00bb, a dit M. Hbid.<\/p>\n<p>Le pr\u00e9sident de l\u2019UCAM a, par la m\u00eame occasion, adress\u00e9 ses vifs remerciements \u00e0 l\u2019ensemble des enseignants et enseignantes ainsi que des cadres administratifs et scientifiques ayant contribu\u00e9 \u00e0 la formation de g\u00e9n\u00e9rations de cadres qui, actuellement occupent de hauts postes de responsabilit\u00e9 et ne m\u00e9nagement aucun effort pour servir le Royaume avec d\u00e9vouement, engagement et patriotisme.<\/p>\n<p>M\u00eame son de cloche chez le doyen de la facult\u00e9 de droit de Marrakech, qui a mis en avant l\u2019importance symbolique de cette c\u00e9r\u00e9monie destin\u00e9e \u00e0 rendre hommage aux professeurs et cadres administratifs partant \u00e0 la retraite et ce, en signe de reconnaissance des efforts consentis depuis la cr\u00e9ation de cet \u00e9tablissement universitaire.<\/p>\n<p>Il a, de m\u00eame, mis en avant tout le grand travail accompli depuis le d\u00e9but des ann\u00e9es 80, pour faire rayonner cette facult\u00e9.<\/p>\n<p>\u00ab\u00a0Gr\u00e2ce \u00e0 vous toutes et tous, notre facult\u00e9 est connue nationalement et internationalement par ses comp\u00e9tences, ses cadres administratifs et techniques et ses sommit\u00e9s scientifiques. Et pour preuve : nombre de laur\u00e9ats de l\u2019UCAM occupent actuellement de grands postes de responsabilit\u00e9 dans diff\u00e9rents domaines\u00a0\u00bb, s\u2019est-il f\u00e9licit\u00e9.<\/p>\n<p>M. Outaleb a focalis\u00e9 aussi sur tout le travail b\u00e2ti pendant la p\u00e9riode de la pand\u00e9mie du nouveau coronavirus (Covid-19), gr\u00e2ce \u00e0 l\u2019engagement et \u00e0 l\u2019implication de toutes et tous et \u00e0 leur fiert\u00e9 d\u2019appartenir \u00e0 cet \u00e9tablissement, \u00e9mettant le v\u0153u de voir les nouveaux professeurs et cadres administratifs r\u00e9ussir leur mission et emprunter la voix de leurs pr\u00e9d\u00e9cesseurs.<\/p>\n<p>M. Mohammed Saham, ex-vice doyen de la facult\u00e9 de droit et l\u2019un des professeurs de l\u2019UCAM partant \u00e0 la retraite, a mis en avant, quant \u00e0 lui, l\u2019importance de la culture de la reconnaissance et son impact tr\u00e8s positif dans la vie ainsi que sur l\u2019\u00e9quilibre psychologique de l\u2019individu, se disant, \u00e0 la fois, \u00e9mu et fier de voir cette tradition si ancr\u00e9e et promue, se d\u00e9velopper davantage au sein de cette universit\u00e9.<\/p>\n<p>Dans la m\u00eame lign\u00e9e, il a soulign\u00e9 l\u2019importance du s\u00e9rieux, du d\u00e9vouement et de l\u2019abn\u00e9gation dans l\u2019ex\u00e9cution de la mission noble et historique de formation, d\u2019enseignement et d\u2019encadrement des g\u00e9n\u00e9rations, \u00e9mettant le v\u0153u de voir ces valeurs s\u2019enraciner davantage et servir de fondamentaux pour celles et ceux qui ont pris le flambeau d\u2019assurer la rel\u00e8ve au sein de cette facult\u00e9 et ce, au service de notre pays.<\/p>\n<p>D\u2019autres intervenants parmi les professeurs et cadres honor\u00e9s se sont arr\u00eat\u00e9s sur leurs exp\u00e9riences riches et enrichissantes au sein de l\u2019UCAM, gr\u00e2ce au travail collectif et \u00e0 la synergie et \u00e0 la f\u00e9d\u00e9ration des efforts de tous, se disant \u00ab\u00a0fiers\u00a0\u00bb et \u00ab\u00a0heureux\u00a0\u00bb d\u2019avoir servi leur Patrie avec sens \u00e9lev\u00e9 de responsabilit\u00e9 et de devoir national.<\/p>\n<p>The post <a rel=\"nofollow\" href=\"http:\/\/www.mapmarrakech.ma\/fr\/hommage-aux-professeurs-et-cadres-administratifs-partant-a-la-retraite\/\">Hommage aux professeurs et cadres administratifs partant \u00e0 la retraite<\/a> appeared first on <a rel=\"nofollow\" href=\"http:\/\/www.mapmarrakech.ma\/fr\">MapMarrakech<\/a>.<\/p>\n<\/div>\n<p>Auteur: Meriem IGASS<br \/>\n<a href=\"http:\/\/www.mapmarrakech.ma\/fr\/hommage-aux-professeurs-et-cadres-administratifs-partant-a-la-retraite\/\">Cliquez ici pour lire l&rsquo;article depuis sa source.<\/a><\/p>\n","protected":false},"excerpt":{"rendered":"<p>Cette c\u00e9r\u00e9monie rehauss\u00e9e par la pr\u00e9sence notamment, du pr\u00e9sident de l\u2019UCAM, My Lhassan Hbid, le doyen de la facult\u00e9 de droit, M. Abdelkrim Outaleb, les diff\u00e9rents vices-doyens ainsi que le secr\u00e9taire g\u00e9n\u00e9ral de cet \u00e9tablissement de l\u2019enseignement sup\u00e9rieur et d\u2019autres personnalit\u00e9s, a \u00e9t\u00e9 de m\u00eame l\u2019occasion, d\u2019accueillir les nouveaux professeurs et cadres administratifs ayant rejoint [&hellip;]<\/p>\n","protected":false},"author":1788,"featured_media":0,"comment_status":"closed","ping_status":"closed","sticky":false,"template":"","format":"standard","meta":{"fifu_image_url":"http:\/\/www.mapmarrakech.ma\/map\/uploads\/2021\/07\/hommage-copier-1.jpg","fifu_image_alt":"Hommage aux professeurs et cadres administratifs partant \u00e0 la retraite","footnotes":""},"categories":[54,76],"tags":[],"class_list":["post-121475","post","type-post","status-publish","format-standard","hentry","category-maroc","category-regions"],"_links":{"self":[{"href":"https:\/\/linitiative.ca\/International\/wp-json\/wp\/v2\/posts\/121475","targetHints":{"allow":["GET"]}}],"collection":[{"href":"https:\/\/linitiative.ca\/International\/wp-json\/wp\/v2\/posts"}],"about":[{"href":"https:\/\/linitiative.ca\/International\/wp-json\/wp\/v2\/types\/post"}],"author":[{"embeddable":true,"href":"https:\/\/linitiative.ca\/International\/wp-json\/wp\/v2\/users\/1788"}],"replies":[{"embeddable":true,"href":"https:\/\/linitiative.ca\/International\/wp-json\/wp\/v2\/comments?post=121475"}],"version-history":[{"count":0,"href":"https:\/\/linitiative.ca\/International\/wp-json\/wp\/v2\/posts\/121475\/revisions"}],"wp:attachment":[{"href":"https:\/\/linitiative.ca\/International\/wp-json\/wp\/v2\/media?parent=121475"}],"wp:term":[{"taxonomy":"category","embeddable":true,"href":"https:\/\/linitiative.ca\/International\/wp-json\/wp\/v2\/categories?post=121475"},{"taxonomy":"post_tag","embeddable":true,"href":"https:\/\/linitiative.ca\/International\/wp-json\/wp\/v2\/tags?post=121475"}],"curies":[{"name":"wp","href":"https:\/\/api.w.org\/{rel}","templated":true}]}}