{"id":121477,"date":"2021-07-15T11:36:22","date_gmt":"2021-07-15T15:36:22","guid":{"rendered":"https:\/\/linitiative.ca\/International\/aid-al-adha-la-priere-ne-sera-pas-accomplie-dans-les-moussalas\/"},"modified":"2021-07-15T11:36:22","modified_gmt":"2021-07-15T15:36:22","slug":"aid-al-adha-la-priere-ne-sera-pas-accomplie-dans-les-moussalas","status":"publish","type":"post","link":"https:\/\/linitiative.ca\/International\/aid-al-adha-la-priere-ne-sera-pas-accomplie-dans-les-moussalas\/","title":{"rendered":"A\u00efd Al-Adha: La Pri\u00e8re ne sera pas accomplie dans les Moussalas"},"content":{"rendered":"<div>\n<div style=\"margin-bottom:20px;\"><img loading=\"lazy\" decoding=\"async\" width=\"750\" height=\"430\" src=\"https:\/\/linitiative.ca\/International\/wp-content\/uploads\/sites\/23\/2021\/07\/ministere-des-habous.jpg\" class=\"attachment-post-thumbnail size-post-thumbnail wp-post-image\" alt=\"\" srcset=\"https:\/\/linitiative.ca\/International\/wp-content\/uploads\/sites\/23\/2021\/07\/ministere-des-habous.jpg 750w, http:\/\/www.mapmarrakech.ma\/map\/uploads\/2021\/07\/ministere-des-habous-300x172.jpg 300w\" sizes=\"auto, (max-width: 750px) 100vw, 750px\"><\/div>\n<p>Tout en pr\u00e9cisant que les mosqu\u00e9es restent ouvertes pour l\u2019accomplissement des cinq pri\u00e8res et de la pri\u00e8re du vendredi, le minist\u00e8re souligne dans un communiqu\u00e9 que cette mesure relative \u00e0 la Pri\u00e8re de l\u2019A\u00efd Al-Adha est une sounna qui peut \u00eatre accomplie aux domiciles.<\/p>\n<p>Cette d\u00e9cision a pour finalit\u00e9 de pr\u00e9server la sant\u00e9 physique, ajoute la m\u00eame source, implorant le Tr\u00e8s-Haut que les prochaines f\u00eates soient combl\u00e9es de la joie de se rendre aux mosqu\u00e9es pour accomplir la pri\u00e8re de l\u2019A\u00efd.<\/p>\n<p>\u00ab\u00a0Il ne vous a impos\u00e9 aucune g\u00eane dans la religion\u00a0\u00bb et \u00ab\u00a0Allah veut pour vous la facilit\u00e9, Il ne veut pas la difficult\u00e9 pour vous\u00a0\u00bb. V\u00e9ridique est la parole de Dieu.<\/p>\n<p>The post <a rel=\"nofollow\" href=\"http:\/\/www.mapmarrakech.ma\/fr\/aid-al-adha-la-priere-ne-sera-pas-accomplie-dans-les-moussalas\/\">A\u00efd Al-Adha: La Pri\u00e8re ne sera pas accomplie dans les Moussalas<\/a> appeared first on <a rel=\"nofollow\" href=\"http:\/\/www.mapmarrakech.ma\/fr\">MapMarrakech<\/a>.<\/p>\n<\/div>\n<p>Auteur: Meriem IGASS<br \/>\n<a href=\"http:\/\/www.mapmarrakech.ma\/fr\/aid-al-adha-la-priere-ne-sera-pas-accomplie-dans-les-moussalas\/\">Cliquez ici pour lire l&rsquo;article depuis sa source.<\/a><\/p>\n","protected":false},"excerpt":{"rendered":"<p>Tout en pr\u00e9cisant que les mosqu\u00e9es restent ouvertes pour l\u2019accomplissement des cinq pri\u00e8res et de la pri\u00e8re du vendredi, le minist\u00e8re souligne dans un communiqu\u00e9 que cette mesure relative \u00e0 la Pri\u00e8re de l\u2019A\u00efd Al-Adha est une sounna qui peut \u00eatre accomplie aux domiciles. Cette d\u00e9cision a pour finalit\u00e9 de pr\u00e9server la sant\u00e9 physique, ajoute [&hellip;]<\/p>\n","protected":false},"author":1788,"featured_media":0,"comment_status":"closed","ping_status":"closed","sticky":false,"template":"","format":"standard","meta":{"fifu_image_url":"http:\/\/www.mapmarrakech.ma\/map\/uploads\/2021\/07\/ministere-des-habous.jpg","fifu_image_alt":"A\u00efd Al-Adha: La Pri\u00e8re ne sera pas accomplie dans les Moussalas","footnotes":""},"categories":[54,76],"tags":[],"class_list":["post-121477","post","type-post","status-publish","format-standard","hentry","category-maroc","category-regions"],"_links":{"self":[{"href":"https:\/\/linitiative.ca\/International\/wp-json\/wp\/v2\/posts\/121477","targetHints":{"allow":["GET"]}}],"collection":[{"href":"https:\/\/linitiative.ca\/International\/wp-json\/wp\/v2\/posts"}],"about":[{"href":"https:\/\/linitiative.ca\/International\/wp-json\/wp\/v2\/types\/post"}],"author":[{"embeddable":true,"href":"https:\/\/linitiative.ca\/International\/wp-json\/wp\/v2\/users\/1788"}],"replies":[{"embeddable":true,"href":"https:\/\/linitiative.ca\/International\/wp-json\/wp\/v2\/comments?post=121477"}],"version-history":[{"count":0,"href":"https:\/\/linitiative.ca\/International\/wp-json\/wp\/v2\/posts\/121477\/revisions"}],"wp:attachment":[{"href":"https:\/\/linitiative.ca\/International\/wp-json\/wp\/v2\/media?parent=121477"}],"wp:term":[{"taxonomy":"category","embeddable":true,"href":"https:\/\/linitiative.ca\/International\/wp-json\/wp\/v2\/categories?post=121477"},{"taxonomy":"post_tag","embeddable":true,"href":"https:\/\/linitiative.ca\/International\/wp-json\/wp\/v2\/tags?post=121477"}],"curies":[{"name":"wp","href":"https:\/\/api.w.org\/{rel}","templated":true}]}}