{"id":121479,"date":"2021-07-15T13:07:18","date_gmt":"2021-07-15T17:07:18","guid":{"rendered":"https:\/\/linitiative.ca\/International\/2-571-cas-et-plus-de-95-millions-personnes-completement-vaccinees\/"},"modified":"2021-07-15T13:07:18","modified_gmt":"2021-07-15T17:07:18","slug":"2-571-cas-et-plus-de-95-millions-personnes-completement-vaccinees","status":"publish","type":"post","link":"https:\/\/linitiative.ca\/International\/2-571-cas-et-plus-de-95-millions-personnes-completement-vaccinees\/","title":{"rendered":"2.571 cas et plus de 9,5 millions personnes compl\u00e8tement vaccin\u00e9es"},"content":{"rendered":"<div>\n<div style=\"margin-bottom:20px;\"><img loading=\"lazy\" decoding=\"async\" width=\"750\" height=\"430\" src=\"https:\/\/linitiative.ca\/International\/wp-content\/uploads\/sites\/23\/2021\/07\/Bilan-FR-.jpg\" class=\"attachment-post-thumbnail size-post-thumbnail wp-post-image\" alt=\"\" srcset=\"https:\/\/linitiative.ca\/International\/wp-content\/uploads\/sites\/23\/2021\/07\/Bilan-FR-.jpg 750w, http:\/\/www.mapmarrakech.ma\/map\/uploads\/2021\/07\/Bilan-FR--300x172.jpg 300w\" sizes=\"auto, (max-width: 750px) 100vw, 750px\"><\/div>\n<p>Le nombre de primo-vaccin\u00e9s est de 11.031.195, alors que celui des personnes compl\u00e8tement vaccin\u00e9es (1\u00e8re et 2\u00e8me doses) s\u2019\u00e9l\u00e8ve \u00e0 9.553.617, a pr\u00e9cis\u00e9 le minist\u00e8re dans son bulletin quotidien sur la situation de Covid-19.<\/p>\n<p>Le nouveaux bilan portent \u00e0 549.844 le nombre total des contaminations depuis le premier cas signal\u00e9 au Maroc en mars 2020. Le nombre des personnes r\u00e9tablies est pass\u00e9 \u00e0 528.645, soit un taux de gu\u00e9rison de 96,1%.<\/p>\n<p>Quant aux d\u00e9c\u00e8s, leur nombre total est pass\u00e9 \u00e0 9.418 (l\u00e9talit\u00e9 1,7%) avec 14 nouveaux cas enregistr\u00e9s dans les r\u00e9gions de Casablanca-Settat (7), Souss-Massa (2), Marrakech-Safi (2), Rabat-Sal\u00e9-Kenitra (1), F\u00e8s-Mekn\u00e8s (1) et Guelmim-Oued Noun (1).<\/p>\n<p>Les nouvelles contaminations ont \u00e9t\u00e9 recens\u00e9es dans les r\u00e9gions de Casablanca-Settat (1.137), Souss-Massa (391), Marrakech-Safi (360), Rabat-Sal\u00e9-Kenitra (268), Tanger-T\u00e9touan-Al Hoceima (136), F\u00e8s-Mekn\u00e8s (61), La\u00e2youne-Sakia El Hamra (50), l\u2019Oriental (41), Dr\u00e2a-Tafilalet (37), Beni Mellal- Kh\u00e9nifra (36), Guelmim-Oued Noun (31) et Dakhla-Oued Eddahab (23).<\/p>\n<p>Les cas actifs sont au nombre de 11.781, tandis que les cas s\u00e9v\u00e8res ou critiques ont atteint 420, dont 11 plac\u00e9s sous intubation et 242 sous ventilation non invasive.<\/p>\n<p>The post <a rel=\"nofollow\" href=\"http:\/\/www.mapmarrakech.ma\/fr\/2-571-cas-et-plus-de-95-millions-personnes-completement-vaccinees\/\">2.571 cas et plus de 9,5 millions personnes compl\u00e8tement vaccin\u00e9es<\/a> appeared first on <a rel=\"nofollow\" href=\"http:\/\/www.mapmarrakech.ma\/fr\">MapMarrakech<\/a>.<\/p>\n<\/div>\n<p>Auteur: Meriem IGASS<br \/>\n<a href=\"http:\/\/www.mapmarrakech.ma\/fr\/2-571-cas-et-plus-de-95-millions-personnes-completement-vaccinees\/\">Cliquez ici pour lire l&rsquo;article depuis sa source.<\/a><\/p>\n","protected":false},"excerpt":{"rendered":"<p>Le nombre de primo-vaccin\u00e9s est de 11.031.195, alors que celui des personnes compl\u00e8tement vaccin\u00e9es (1\u00e8re et 2\u00e8me doses) s\u2019\u00e9l\u00e8ve \u00e0 9.553.617, a pr\u00e9cis\u00e9 le minist\u00e8re dans son bulletin quotidien sur la situation de Covid-19. Le nouveaux bilan portent \u00e0 549.844 le nombre total des contaminations depuis le premier cas signal\u00e9 au Maroc en mars 2020. [&hellip;]<\/p>\n","protected":false},"author":1788,"featured_media":0,"comment_status":"closed","ping_status":"closed","sticky":false,"template":"","format":"standard","meta":{"fifu_image_url":"http:\/\/www.mapmarrakech.ma\/map\/uploads\/2021\/07\/Bilan-FR-.jpg","fifu_image_alt":"2.571 cas et plus de 9,5 millions personnes compl\u00e8tement vaccin\u00e9es","footnotes":""},"categories":[54,76],"tags":[],"class_list":["post-121479","post","type-post","status-publish","format-standard","hentry","category-maroc","category-regions"],"_links":{"self":[{"href":"https:\/\/linitiative.ca\/International\/wp-json\/wp\/v2\/posts\/121479","targetHints":{"allow":["GET"]}}],"collection":[{"href":"https:\/\/linitiative.ca\/International\/wp-json\/wp\/v2\/posts"}],"about":[{"href":"https:\/\/linitiative.ca\/International\/wp-json\/wp\/v2\/types\/post"}],"author":[{"embeddable":true,"href":"https:\/\/linitiative.ca\/International\/wp-json\/wp\/v2\/users\/1788"}],"replies":[{"embeddable":true,"href":"https:\/\/linitiative.ca\/International\/wp-json\/wp\/v2\/comments?post=121479"}],"version-history":[{"count":0,"href":"https:\/\/linitiative.ca\/International\/wp-json\/wp\/v2\/posts\/121479\/revisions"}],"wp:attachment":[{"href":"https:\/\/linitiative.ca\/International\/wp-json\/wp\/v2\/media?parent=121479"}],"wp:term":[{"taxonomy":"category","embeddable":true,"href":"https:\/\/linitiative.ca\/International\/wp-json\/wp\/v2\/categories?post=121479"},{"taxonomy":"post_tag","embeddable":true,"href":"https:\/\/linitiative.ca\/International\/wp-json\/wp\/v2\/tags?post=121479"}],"curies":[{"name":"wp","href":"https:\/\/api.w.org\/{rel}","templated":true}]}}