{"id":121481,"date":"2021-07-15T10:08:35","date_gmt":"2021-07-15T14:08:35","guid":{"rendered":"https:\/\/linitiative.ca\/International\/fes-la-consule-generale-de-france-insiste-sur-le-partenariat\/"},"modified":"2021-07-15T10:08:35","modified_gmt":"2021-07-15T14:08:35","slug":"fes-la-consule-generale-de-france-insiste-sur-le-partenariat","status":"publish","type":"post","link":"https:\/\/linitiative.ca\/International\/fes-la-consule-generale-de-france-insiste-sur-le-partenariat\/","title":{"rendered":"F\u00e8s : La Consule g\u00e9n\u00e9rale de France insiste sur le partenariat"},"content":{"rendered":"<div>\n<div class=\"field field-name-body field-type-text-with-summary field-label-hidden\">\n<div class=\"field-items\">\n<div class=\"field-item even\" property=\"content:encoded\">\n<p class=\"rtejustify\">\u00ab C\u2019est dans ce contexte particuli\u00e8rement difficile qu\u2019il faut saluer le dynamisme des entreprises fran\u00e7aises install\u00e9es dans cette circonscription consulaire et de la Chambre fran\u00e7aise de commerce et d\u2019industrie du Maroc, pour concevoir et promouvoir des projets innovants, cr\u00e9ateurs d\u2019emplois et pr\u00e9servant l\u2019environnement\u00bb.<\/p>\n<\/div>\n<\/div>\n<\/div>\n<\/div>\n<p>Auteur: mbasraoui<br \/>\n<a href=\"https:\/\/www.leconomiste.com\/flash-infos\/fes-la-consule-generale-de-france-insiste-sur-le-partenariat\">Cliquez ici pour lire l&rsquo;article depuis sa source.<\/a><\/p>\n","protected":false},"excerpt":{"rendered":"<p>\u00ab C\u2019est dans ce contexte particuli\u00e8rement difficile qu\u2019il faut saluer le dynamisme des entreprises fran\u00e7aises install\u00e9es dans cette circonscription consulaire et de la Chambre fran\u00e7aise de commerce et d\u2019industrie du Maroc, pour concevoir et promouvoir des projets innovants, cr\u00e9ateurs d\u2019emplois et pr\u00e9servant l\u2019environnement\u00bb. Auteur: mbasraoui Cliquez ici pour lire l&rsquo;article depuis sa source.<\/p>\n","protected":false},"author":1763,"featured_media":0,"comment_status":"closed","ping_status":"closed","sticky":false,"template":"","format":"standard","meta":{"fifu_image_url":"","fifu_image_alt":"","footnotes":""},"categories":[78,54],"tags":[],"class_list":["post-121481","post","type-post","status-publish","format-standard","hentry","category-economie","category-maroc"],"_links":{"self":[{"href":"https:\/\/linitiative.ca\/International\/wp-json\/wp\/v2\/posts\/121481","targetHints":{"allow":["GET"]}}],"collection":[{"href":"https:\/\/linitiative.ca\/International\/wp-json\/wp\/v2\/posts"}],"about":[{"href":"https:\/\/linitiative.ca\/International\/wp-json\/wp\/v2\/types\/post"}],"author":[{"embeddable":true,"href":"https:\/\/linitiative.ca\/International\/wp-json\/wp\/v2\/users\/1763"}],"replies":[{"embeddable":true,"href":"https:\/\/linitiative.ca\/International\/wp-json\/wp\/v2\/comments?post=121481"}],"version-history":[{"count":0,"href":"https:\/\/linitiative.ca\/International\/wp-json\/wp\/v2\/posts\/121481\/revisions"}],"wp:attachment":[{"href":"https:\/\/linitiative.ca\/International\/wp-json\/wp\/v2\/media?parent=121481"}],"wp:term":[{"taxonomy":"category","embeddable":true,"href":"https:\/\/linitiative.ca\/International\/wp-json\/wp\/v2\/categories?post=121481"},{"taxonomy":"post_tag","embeddable":true,"href":"https:\/\/linitiative.ca\/International\/wp-json\/wp\/v2\/tags?post=121481"}],"curies":[{"name":"wp","href":"https:\/\/api.w.org\/{rel}","templated":true}]}}