{"id":121484,"date":"2021-07-15T11:13:24","date_gmt":"2021-07-15T15:13:24","guid":{"rendered":"https:\/\/linitiative.ca\/International\/covid-la-situation-continue-de-saggraver\/"},"modified":"2021-07-15T11:13:24","modified_gmt":"2021-07-15T15:13:24","slug":"covid-la-situation-continue-de-saggraver","status":"publish","type":"post","link":"https:\/\/linitiative.ca\/International\/covid-la-situation-continue-de-saggraver\/","title":{"rendered":"Covid: La situation continue de s\u2019aggraver"},"content":{"rendered":"<div>\n<div class=\"field field-name-body field-type-text-with-summary field-label-hidden\">\n<div class=\"field-items\">\n<div class=\"field-item even\" property=\"content:encoded\">\n<p class=\"rtejustify\">Les nouveaux cas de Covid-19 continuent d&rsquo;augmenter.\u00a0Quelque <strong>2.571<\/strong>\u00a0nouveaux cas d&rsquo;infection au coronavirus (Covid-19) et <strong>1.389<\/strong> gu\u00e9risons ont \u00e9t\u00e9 enregistr\u00e9s au Maroc au cours des derni\u00e8res 24 heures, selon le nouveau bilan du minist\u00e8re de la Sant\u00e9 de ce jeudi 15\u00a0 juillet. Le nombre de primo-vaccin\u00e9s atteint <strong>11.031.195<\/strong>, alors que celui des personnes compl\u00e8tement vaccin\u00e9es (1\u00e8re et 2\u00e8me doses) s&rsquo;\u00e9l\u00e8ve \u00e0 <strong>9.553.617<\/strong>, pr\u00e9cise le minist\u00e8re dans son bulletin quotidien sur la situation de la Covid-19.<\/p>\n<\/div>\n<\/div>\n<\/div>\n<\/div>\n<p>Auteur: hgueye<br \/>\n<a href=\"https:\/\/www.leconomiste.com\/flash-infos\/covid-la-situation-continue-de-s-aggraver\">Cliquez ici pour lire l&rsquo;article depuis sa source.<\/a><\/p>\n","protected":false},"excerpt":{"rendered":"<p>Les nouveaux cas de Covid-19 continuent d&rsquo;augmenter.\u00a0Quelque 2.571\u00a0nouveaux cas d&rsquo;infection au coronavirus (Covid-19) et 1.389 gu\u00e9risons ont \u00e9t\u00e9 enregistr\u00e9s au Maroc au cours des derni\u00e8res 24 heures, selon le nouveau bilan du minist\u00e8re de la Sant\u00e9 de ce jeudi 15\u00a0 juillet. Le nombre de primo-vaccin\u00e9s atteint 11.031.195, alors que celui des personnes compl\u00e8tement vaccin\u00e9es (1\u00e8re [&hellip;]<\/p>\n","protected":false},"author":1763,"featured_media":0,"comment_status":"closed","ping_status":"closed","sticky":false,"template":"","format":"standard","meta":{"fifu_image_url":"","fifu_image_alt":"","footnotes":""},"categories":[78,54],"tags":[],"class_list":["post-121484","post","type-post","status-publish","format-standard","hentry","category-economie","category-maroc"],"_links":{"self":[{"href":"https:\/\/linitiative.ca\/International\/wp-json\/wp\/v2\/posts\/121484","targetHints":{"allow":["GET"]}}],"collection":[{"href":"https:\/\/linitiative.ca\/International\/wp-json\/wp\/v2\/posts"}],"about":[{"href":"https:\/\/linitiative.ca\/International\/wp-json\/wp\/v2\/types\/post"}],"author":[{"embeddable":true,"href":"https:\/\/linitiative.ca\/International\/wp-json\/wp\/v2\/users\/1763"}],"replies":[{"embeddable":true,"href":"https:\/\/linitiative.ca\/International\/wp-json\/wp\/v2\/comments?post=121484"}],"version-history":[{"count":0,"href":"https:\/\/linitiative.ca\/International\/wp-json\/wp\/v2\/posts\/121484\/revisions"}],"wp:attachment":[{"href":"https:\/\/linitiative.ca\/International\/wp-json\/wp\/v2\/media?parent=121484"}],"wp:term":[{"taxonomy":"category","embeddable":true,"href":"https:\/\/linitiative.ca\/International\/wp-json\/wp\/v2\/categories?post=121484"},{"taxonomy":"post_tag","embeddable":true,"href":"https:\/\/linitiative.ca\/International\/wp-json\/wp\/v2\/tags?post=121484"}],"curies":[{"name":"wp","href":"https:\/\/api.w.org\/{rel}","templated":true}]}}