{"id":121485,"date":"2021-07-15T11:34:33","date_gmt":"2021-07-15T15:34:33","guid":{"rendered":"https:\/\/linitiative.ca\/International\/aid-al-adha-pas-de-priere-dans-les-mosquees\/"},"modified":"2021-07-15T11:34:33","modified_gmt":"2021-07-15T15:34:33","slug":"aid-al-adha-pas-de-priere-dans-les-mosquees","status":"publish","type":"post","link":"https:\/\/linitiative.ca\/International\/aid-al-adha-pas-de-priere-dans-les-mosquees\/","title":{"rendered":"Aid Al Adha: Pas de pri\u00e8re dans les mosqu\u00e9es"},"content":{"rendered":"<div>\n<div class=\"field field-name-body field-type-text-with-summary field-label-hidden\">\n<div class=\"field-items\">\n<div class=\"field-item even\" property=\"content:encoded\">\n<p class=\"rtejustify\">Le minist\u00e8re des Habous et des Affaires islamiques a annonc\u00e9, jeudi, que la pri\u00e8re de l&rsquo;A\u00efd Al-Adha ne sera pas accomplie dans les Moussalas et les mosqu\u00e9es, en raison de l\u2019affluence observ\u00e9e \u00e0 cette occasion et des difficult\u00e9s de garantir les conditions de distanciation. Les mosqu\u00e9es restent toutefois ouvertes pour l\u2019accomplissement des cinq pri\u00e8res et de la pri\u00e8re du vendredi.<\/p>\n<p class=\"rtejustify\">Ces d\u00e9cisions font suite \u00e0 la hausse des cas de Covid-19 ces derni\u00e8res semaines. Ce jeudi, plus de 2.500 nouveaux cas ont \u00e9t\u00e9 enregistr\u00e9s ainsi que 14 d\u00e9c\u00e8s.<\/p>\n<\/div>\n<\/div>\n<\/div>\n<\/div>\n<p>Auteur: hgueye<br \/>\n<a href=\"https:\/\/www.leconomiste.com\/flash-infos\/aid-al-adha-pas-de-priere-dans-les-mosquees\">Cliquez ici pour lire l&rsquo;article depuis sa source.<\/a><\/p>\n","protected":false},"excerpt":{"rendered":"<p>Le minist\u00e8re des Habous et des Affaires islamiques a annonc\u00e9, jeudi, que la pri\u00e8re de l&rsquo;A\u00efd Al-Adha ne sera pas accomplie dans les Moussalas et les mosqu\u00e9es, en raison de l\u2019affluence observ\u00e9e \u00e0 cette occasion et des difficult\u00e9s de garantir les conditions de distanciation. Les mosqu\u00e9es restent toutefois ouvertes pour l\u2019accomplissement des cinq pri\u00e8res et [&hellip;]<\/p>\n","protected":false},"author":1763,"featured_media":0,"comment_status":"closed","ping_status":"closed","sticky":false,"template":"","format":"standard","meta":{"fifu_image_url":"","fifu_image_alt":"","footnotes":""},"categories":[78,54],"tags":[],"class_list":["post-121485","post","type-post","status-publish","format-standard","hentry","category-economie","category-maroc"],"_links":{"self":[{"href":"https:\/\/linitiative.ca\/International\/wp-json\/wp\/v2\/posts\/121485","targetHints":{"allow":["GET"]}}],"collection":[{"href":"https:\/\/linitiative.ca\/International\/wp-json\/wp\/v2\/posts"}],"about":[{"href":"https:\/\/linitiative.ca\/International\/wp-json\/wp\/v2\/types\/post"}],"author":[{"embeddable":true,"href":"https:\/\/linitiative.ca\/International\/wp-json\/wp\/v2\/users\/1763"}],"replies":[{"embeddable":true,"href":"https:\/\/linitiative.ca\/International\/wp-json\/wp\/v2\/comments?post=121485"}],"version-history":[{"count":0,"href":"https:\/\/linitiative.ca\/International\/wp-json\/wp\/v2\/posts\/121485\/revisions"}],"wp:attachment":[{"href":"https:\/\/linitiative.ca\/International\/wp-json\/wp\/v2\/media?parent=121485"}],"wp:term":[{"taxonomy":"category","embeddable":true,"href":"https:\/\/linitiative.ca\/International\/wp-json\/wp\/v2\/categories?post=121485"},{"taxonomy":"post_tag","embeddable":true,"href":"https:\/\/linitiative.ca\/International\/wp-json\/wp\/v2\/tags?post=121485"}],"curies":[{"name":"wp","href":"https:\/\/api.w.org\/{rel}","templated":true}]}}