{"id":121487,"date":"2021-07-15T03:32:00","date_gmt":"2021-07-15T07:32:00","guid":{"rendered":"https:\/\/linitiative.ca\/International\/le-real-madrid-devoile-ses-pertes-liees-au-coronavirus\/"},"modified":"2021-07-15T03:32:00","modified_gmt":"2021-07-15T07:32:00","slug":"le-real-madrid-devoile-ses-pertes-liees-au-coronavirus","status":"publish","type":"post","link":"https:\/\/linitiative.ca\/International\/le-real-madrid-devoile-ses-pertes-liees-au-coronavirus\/","title":{"rendered":"Le Real Madrid d\u00e9voile ses pertes li\u00e9es au Coronavirus"},"content":{"rendered":"<div>Le Real Madrid a publi\u00e9 mercredi un communiqu\u00e9 dans lequel il d\u00e9voile son bilan financier de la saison 2020-2021<img loading=\"lazy\" decoding=\"async\" src=\"http:\/\/feeds.feedburner.com\/~r\/GalerieFArtciles\/~4\/6YA8fP808no\" height=\"1\" width=\"1\" alt=\"\"><\/div>\n<p>Auteur:<br \/>\n<a href=\"http:\/\/www.lebuteur.com\/article\/detail?titre=le-real-madrid-devoile-ses-pertes-liees-au-coronavirus&#038;id=100631&#038;utm_source=feedburner&#038;utm_medium=feed&#038;utm_campaign=Feed%3A+GalerieFArtciles+%28Les+derniers+articles++-+lebuteur.com%29\">Cliquez ici pour lire l&rsquo;article depuis sa source.<\/a><\/p>\n","protected":false},"excerpt":{"rendered":"<p>Le Real Madrid a publi\u00e9 mercredi un communiqu\u00e9 dans lequel il d\u00e9voile son bilan financier de la saison 2020-2021 Auteur: Cliquez ici pour lire l&rsquo;article depuis sa source.<\/p>\n","protected":false},"author":1738,"featured_media":0,"comment_status":"closed","ping_status":"closed","sticky":false,"template":"","format":"standard","meta":{"fifu_image_url":"http:\/\/feeds.feedburner.com\/~r\/GalerieFArtciles\/~4\/6YA8fP808no","fifu_image_alt":"Le Real Madrid d\u00e9voile ses pertes li\u00e9es au Coronavirus","footnotes":""},"categories":[53,75],"tags":[],"class_list":["post-121487","post","type-post","status-publish","format-standard","hentry","category-algerie","category-sport"],"_links":{"self":[{"href":"https:\/\/linitiative.ca\/International\/wp-json\/wp\/v2\/posts\/121487","targetHints":{"allow":["GET"]}}],"collection":[{"href":"https:\/\/linitiative.ca\/International\/wp-json\/wp\/v2\/posts"}],"about":[{"href":"https:\/\/linitiative.ca\/International\/wp-json\/wp\/v2\/types\/post"}],"author":[{"embeddable":true,"href":"https:\/\/linitiative.ca\/International\/wp-json\/wp\/v2\/users\/1738"}],"replies":[{"embeddable":true,"href":"https:\/\/linitiative.ca\/International\/wp-json\/wp\/v2\/comments?post=121487"}],"version-history":[{"count":0,"href":"https:\/\/linitiative.ca\/International\/wp-json\/wp\/v2\/posts\/121487\/revisions"}],"wp:attachment":[{"href":"https:\/\/linitiative.ca\/International\/wp-json\/wp\/v2\/media?parent=121487"}],"wp:term":[{"taxonomy":"category","embeddable":true,"href":"https:\/\/linitiative.ca\/International\/wp-json\/wp\/v2\/categories?post=121487"},{"taxonomy":"post_tag","embeddable":true,"href":"https:\/\/linitiative.ca\/International\/wp-json\/wp\/v2\/tags?post=121487"}],"curies":[{"name":"wp","href":"https:\/\/api.w.org\/{rel}","templated":true}]}}