{"id":121489,"date":"2021-07-15T06:34:50","date_gmt":"2021-07-15T10:34:50","guid":{"rendered":"https:\/\/linitiative.ca\/International\/justice-le-president-tebboune-decrete-des-mesures-de-clemence-complementaires\/"},"modified":"2021-07-15T06:34:50","modified_gmt":"2021-07-15T10:34:50","slug":"justice-le-president-tebboune-decrete-des-mesures-de-clemence-complementaires","status":"publish","type":"post","link":"https:\/\/linitiative.ca\/International\/justice-le-president-tebboune-decrete-des-mesures-de-clemence-complementaires\/","title":{"rendered":"Justice :\u00a0Le pr\u00e9sident Tebboune d\u00e9cr\u00e8te des mesures de cl\u00e9mence compl\u00e9mentaires"},"content":{"rendered":"<div>\n<div class=\"sriret\"><img decoding=\"async\" src=\"https:\/\/linitiative.ca\/International\/wp-content\/uploads\/sites\/23\/2021\/07\/default-picture-709x366_c-12.jpg\"><\/div>\n<p class=\"p4\"><span class=\"s2\"><b>L<\/b><\/span><span class=\"s2\">e pr\u00e9sident de la R\u00e9publique, Abdelmadjid Tebboune, a d\u00e9cr\u00e9t\u00e9 des mesures de cl\u00e9mence compl\u00e9mentaires \u00e0 l\u2019occasion de la c\u00e9l\u00e9bration du 59<sup>e<\/sup> anniversaire de la f\u00eate de l\u2019Ind\u00e9pendance et de la Jeunesse, a indiqu\u00e9 hier un communiqu\u00e9 du minist\u00e8re de la Justice. <\/span><\/p>\n<p>L\u2019article <a rel=\"nofollow\" href=\"https:\/\/www.elwatan.com\/edition\/actualite\/justice-le-president-tebboune-decrete-des-mesures-de-clemence-complementaires-15-07-2021\">Justice :\u00a0Le pr\u00e9sident Tebboune d\u00e9cr\u00e8te des mesures de cl\u00e9mence compl\u00e9mentaires<\/a> est apparu en premier sur <a rel=\"nofollow\" href=\"https:\/\/www.elwatan.com\/\">El Watan<\/a>.<\/p>\n<\/div>\n<p>Auteur: Anis Khecheba<br \/>\n<a href=\"https:\/\/www.elwatan.com\/edition\/actualite\/justice-le-president-tebboune-decrete-des-mesures-de-clemence-complementaires-15-07-2021\">Cliquez ici pour lire l&rsquo;article depuis sa source.<\/a><\/p>\n","protected":false},"excerpt":{"rendered":"<p>Le pr\u00e9sident de la R\u00e9publique, Abdelmadjid Tebboune, a d\u00e9cr\u00e9t\u00e9 des mesures de cl\u00e9mence compl\u00e9mentaires \u00e0 l\u2019occasion de la c\u00e9l\u00e9bration du 59e anniversaire de la f\u00eate de l\u2019Ind\u00e9pendance et de la Jeunesse, a indiqu\u00e9 hier un communiqu\u00e9 du minist\u00e8re de la Justice. L\u2019article Justice :\u00a0Le pr\u00e9sident Tebboune d\u00e9cr\u00e8te des mesures de cl\u00e9mence compl\u00e9mentaires est apparu en [&hellip;]<\/p>\n","protected":false},"author":1743,"featured_media":0,"comment_status":"closed","ping_status":"closed","sticky":false,"template":"","format":"standard","meta":{"fifu_image_url":"https:\/\/www.elwatan.com\/wp-content\/themes\/spectr\/img\/default-picture-709x366_c.jpg","fifu_image_alt":"Justice :\u00a0Le pr\u00e9sident Tebboune d\u00e9cr\u00e8te des mesures de cl\u00e9mence compl\u00e9mentaires","footnotes":""},"categories":[73,53],"tags":[],"class_list":["post-121489","post","type-post","status-publish","format-standard","hentry","category-actualite","category-algerie"],"_links":{"self":[{"href":"https:\/\/linitiative.ca\/International\/wp-json\/wp\/v2\/posts\/121489","targetHints":{"allow":["GET"]}}],"collection":[{"href":"https:\/\/linitiative.ca\/International\/wp-json\/wp\/v2\/posts"}],"about":[{"href":"https:\/\/linitiative.ca\/International\/wp-json\/wp\/v2\/types\/post"}],"author":[{"embeddable":true,"href":"https:\/\/linitiative.ca\/International\/wp-json\/wp\/v2\/users\/1743"}],"replies":[{"embeddable":true,"href":"https:\/\/linitiative.ca\/International\/wp-json\/wp\/v2\/comments?post=121489"}],"version-history":[{"count":0,"href":"https:\/\/linitiative.ca\/International\/wp-json\/wp\/v2\/posts\/121489\/revisions"}],"wp:attachment":[{"href":"https:\/\/linitiative.ca\/International\/wp-json\/wp\/v2\/media?parent=121489"}],"wp:term":[{"taxonomy":"category","embeddable":true,"href":"https:\/\/linitiative.ca\/International\/wp-json\/wp\/v2\/categories?post=121489"},{"taxonomy":"post_tag","embeddable":true,"href":"https:\/\/linitiative.ca\/International\/wp-json\/wp\/v2\/tags?post=121489"}],"curies":[{"name":"wp","href":"https:\/\/api.w.org\/{rel}","templated":true}]}}