{"id":121491,"date":"2021-07-15T06:35:54","date_gmt":"2021-07-15T10:35:54","guid":{"rendered":"https:\/\/linitiative.ca\/International\/la-grande-inconnue\/"},"modified":"2021-07-15T06:35:54","modified_gmt":"2021-07-15T10:35:54","slug":"la-grande-inconnue","status":"publish","type":"post","link":"https:\/\/linitiative.ca\/International\/la-grande-inconnue\/","title":{"rendered":"La grande inconnue\u00a0!"},"content":{"rendered":"<div>\n<div class=\"sriret\"><img decoding=\"async\" src=\"https:\/\/linitiative.ca\/International\/wp-content\/uploads\/sites\/23\/2021\/07\/default-picture-709x366_c-13.jpg\"><\/div>\n<p class=\"p3\"><span class=\"s2\"><b>L<\/b><\/span><span class=\"s2\">e Parlement cl\u00f4turera-t-il sa session actuelle avant de recevoir le nouveau Premier ministre, A\u00efmene Benabderrahmane, tenu par l\u2019obligation de pr\u00e9senter le plan d\u2019action de son gouvernement devant les parlementaires avant d\u2019entamer sa mission ? Jusqu\u2019\u00e0 hier, ni les membres de la nouvelle Assembl\u00e9e populaire nationale (APN), ni les s\u00e9nateurs n\u2019avaient une id\u00e9e sur l\u2019avenir de cette session, prolong\u00e9e en raison de la tenue des l\u00e9gislatives du 12 juin dernier. <\/span><\/p>\n<p>L\u2019article <a rel=\"nofollow\" href=\"https:\/\/www.elwatan.com\/edition\/actualite\/la-grande-inconnue-15-07-2021\">La grande inconnue\u00a0!<\/a> est apparu en premier sur <a rel=\"nofollow\" href=\"https:\/\/www.elwatan.com\/\">El Watan<\/a>.<\/p>\n<\/div>\n<p>Auteur: Anis Khecheba<br \/>\n<a href=\"https:\/\/www.elwatan.com\/edition\/actualite\/la-grande-inconnue-15-07-2021\">Cliquez ici pour lire l&rsquo;article depuis sa source.<\/a><\/p>\n","protected":false},"excerpt":{"rendered":"<p>Le Parlement cl\u00f4turera-t-il sa session actuelle avant de recevoir le nouveau Premier ministre, A\u00efmene Benabderrahmane, tenu par l\u2019obligation de pr\u00e9senter le plan d\u2019action de son gouvernement devant les parlementaires avant d\u2019entamer sa mission ? Jusqu\u2019\u00e0 hier, ni les membres de la nouvelle Assembl\u00e9e populaire nationale (APN), ni les s\u00e9nateurs n\u2019avaient une id\u00e9e sur l\u2019avenir de [&hellip;]<\/p>\n","protected":false},"author":1743,"featured_media":0,"comment_status":"closed","ping_status":"closed","sticky":false,"template":"","format":"standard","meta":{"fifu_image_url":"https:\/\/www.elwatan.com\/wp-content\/themes\/spectr\/img\/default-picture-709x366_c.jpg","fifu_image_alt":"La grande inconnue\u00a0!","footnotes":""},"categories":[73,53],"tags":[],"class_list":["post-121491","post","type-post","status-publish","format-standard","hentry","category-actualite","category-algerie"],"_links":{"self":[{"href":"https:\/\/linitiative.ca\/International\/wp-json\/wp\/v2\/posts\/121491","targetHints":{"allow":["GET"]}}],"collection":[{"href":"https:\/\/linitiative.ca\/International\/wp-json\/wp\/v2\/posts"}],"about":[{"href":"https:\/\/linitiative.ca\/International\/wp-json\/wp\/v2\/types\/post"}],"author":[{"embeddable":true,"href":"https:\/\/linitiative.ca\/International\/wp-json\/wp\/v2\/users\/1743"}],"replies":[{"embeddable":true,"href":"https:\/\/linitiative.ca\/International\/wp-json\/wp\/v2\/comments?post=121491"}],"version-history":[{"count":0,"href":"https:\/\/linitiative.ca\/International\/wp-json\/wp\/v2\/posts\/121491\/revisions"}],"wp:attachment":[{"href":"https:\/\/linitiative.ca\/International\/wp-json\/wp\/v2\/media?parent=121491"}],"wp:term":[{"taxonomy":"category","embeddable":true,"href":"https:\/\/linitiative.ca\/International\/wp-json\/wp\/v2\/categories?post=121491"},{"taxonomy":"post_tag","embeddable":true,"href":"https:\/\/linitiative.ca\/International\/wp-json\/wp\/v2\/tags?post=121491"}],"curies":[{"name":"wp","href":"https:\/\/api.w.org\/{rel}","templated":true}]}}