{"id":121493,"date":"2021-07-15T06:36:48","date_gmt":"2021-07-15T10:36:48","guid":{"rendered":"https:\/\/linitiative.ca\/International\/le-sort-de-baadji-scelle\/"},"modified":"2021-07-15T06:36:48","modified_gmt":"2021-07-15T10:36:48","slug":"le-sort-de-baadji-scelle","status":"publish","type":"post","link":"https:\/\/linitiative.ca\/International\/le-sort-de-baadji-scelle\/","title":{"rendered":"Le sort de Baadji scell\u00e9\u00a0?"},"content":{"rendered":"<div>\n<div class=\"sriret\"><img decoding=\"async\" src=\"https:\/\/linitiative.ca\/International\/wp-content\/uploads\/sites\/23\/2021\/07\/default-picture-709x366_c-14.jpg\"><\/div>\n<p class=\"p4\"><span class=\"s2\"><b>C\u2019est au lendemain de l\u2019annonce officielle des r\u00e9sultats des l\u00e9gislatives, que des cadres du FLN ont fond\u00e9, \u00e0 Blida, un mouvement de redressement, dont le principal objectif \u00e9tait de remettre le FLN sur les rails. Mohamed Yassad, membre du comit\u00e9 central et coordinateur de ce bureau provisoire charg\u00e9 de chapeauter ce mouvement, affirme que tous les membres du bureau politique ont quitt\u00e9 le \u00abnavire\u00bb Baadji, qui se trouve ainsi isol\u00e9.<\/b><\/span><\/p>\n<p class=\"p4\"><span class=\"s2\"><b>L<\/b><\/span><span class=\"s2\">es jours de Abou El Fadl Badji, secr\u00e9taire g\u00e9n\u00e9ral du FLN, sont-ils compt\u00e9s \u00e0 la t\u00eate du vieux parti ? Si l\u2019on en croit ses adversaires, l\u2019\u00e9tau se resserre davantage sur lui. La d\u00e9signation d\u2019un nouveau patron du FLN fait son chemin.<\/span><\/p>\n<p>L\u2019article <a rel=\"nofollow\" href=\"https:\/\/www.elwatan.com\/edition\/actualite\/le-sort-de-baadji-scelle-15-07-2021\">Le sort de Baadji scell\u00e9\u00a0?<\/a> est apparu en premier sur <a rel=\"nofollow\" href=\"https:\/\/www.elwatan.com\/\">El Watan<\/a>.<\/p>\n<\/div>\n<p>Auteur: Anis Khecheba<br \/>\n<a href=\"https:\/\/www.elwatan.com\/edition\/actualite\/le-sort-de-baadji-scelle-15-07-2021\">Cliquez ici pour lire l&rsquo;article depuis sa source.<\/a><\/p>\n","protected":false},"excerpt":{"rendered":"<p>C\u2019est au lendemain de l\u2019annonce officielle des r\u00e9sultats des l\u00e9gislatives, que des cadres du FLN ont fond\u00e9, \u00e0 Blida, un mouvement de redressement, dont le principal objectif \u00e9tait de remettre le FLN sur les rails. Mohamed Yassad, membre du comit\u00e9 central et coordinateur de ce bureau provisoire charg\u00e9 de chapeauter ce mouvement, affirme que tous [&hellip;]<\/p>\n","protected":false},"author":1743,"featured_media":0,"comment_status":"closed","ping_status":"closed","sticky":false,"template":"","format":"standard","meta":{"fifu_image_url":"https:\/\/www.elwatan.com\/wp-content\/themes\/spectr\/img\/default-picture-709x366_c.jpg","fifu_image_alt":"Le sort de Baadji scell\u00e9\u00a0?","footnotes":""},"categories":[73,53],"tags":[],"class_list":["post-121493","post","type-post","status-publish","format-standard","hentry","category-actualite","category-algerie"],"_links":{"self":[{"href":"https:\/\/linitiative.ca\/International\/wp-json\/wp\/v2\/posts\/121493","targetHints":{"allow":["GET"]}}],"collection":[{"href":"https:\/\/linitiative.ca\/International\/wp-json\/wp\/v2\/posts"}],"about":[{"href":"https:\/\/linitiative.ca\/International\/wp-json\/wp\/v2\/types\/post"}],"author":[{"embeddable":true,"href":"https:\/\/linitiative.ca\/International\/wp-json\/wp\/v2\/users\/1743"}],"replies":[{"embeddable":true,"href":"https:\/\/linitiative.ca\/International\/wp-json\/wp\/v2\/comments?post=121493"}],"version-history":[{"count":0,"href":"https:\/\/linitiative.ca\/International\/wp-json\/wp\/v2\/posts\/121493\/revisions"}],"wp:attachment":[{"href":"https:\/\/linitiative.ca\/International\/wp-json\/wp\/v2\/media?parent=121493"}],"wp:term":[{"taxonomy":"category","embeddable":true,"href":"https:\/\/linitiative.ca\/International\/wp-json\/wp\/v2\/categories?post=121493"},{"taxonomy":"post_tag","embeddable":true,"href":"https:\/\/linitiative.ca\/International\/wp-json\/wp\/v2\/tags?post=121493"}],"curies":[{"name":"wp","href":"https:\/\/api.w.org\/{rel}","templated":true}]}}