{"id":121495,"date":"2021-07-15T06:37:50","date_gmt":"2021-07-15T10:37:50","guid":{"rendered":"https:\/\/linitiative.ca\/International\/consommation-les-distributeurs-de-lait-en-greve-a-lest\/"},"modified":"2021-07-15T06:37:50","modified_gmt":"2021-07-15T10:37:50","slug":"consommation-les-distributeurs-de-lait-en-greve-a-lest","status":"publish","type":"post","link":"https:\/\/linitiative.ca\/International\/consommation-les-distributeurs-de-lait-en-greve-a-lest\/","title":{"rendered":"Consommation : Les distributeurs de lait en gr\u00e8ve \u00e0 l\u2019Est"},"content":{"rendered":"<div>\n<div class=\"sriret\"><img decoding=\"async\" src=\"https:\/\/linitiative.ca\/International\/wp-content\/uploads\/sites\/23\/2021\/07\/default-picture-709x366_c-15.jpg\"><\/div>\n<p class=\"p3\"><span class=\"s4\"><b>U<\/b><\/span>ne forte crise de lait a \u00e9t\u00e9 ressentie ces derniers jours dans certaines wilayas de la r\u00e9gion est du pays, p\u00e9nalisant les consommateurs qui ont \u00e9t\u00e9 priv\u00e9s de ce produit essentiel, subventionn\u00e9 par l\u2019Etat, particuli\u00e8rement pour les familles d\u00e9munies. Cette situation a suscit\u00e9 beaucoup d\u2019interrogations, voire la col\u00e8re des citoyens et des commer\u00e7ants, qui ont incomb\u00e9 cette p\u00e9nurie aux distributeurs et s\u2019en sont pris \u00e0 eux.<\/p>\n<p>L\u2019article <a rel=\"nofollow\" href=\"https:\/\/www.elwatan.com\/edition\/actualite\/consommation-les-distributeurs-de-lait-en-greve-a-lest-15-07-2021\">Consommation : Les distributeurs de lait en gr\u00e8ve \u00e0 l\u2019Est<\/a> est apparu en premier sur <a rel=\"nofollow\" href=\"https:\/\/www.elwatan.com\/\">El Watan<\/a>.<\/p>\n<\/div>\n<p>Auteur: Anis Khecheba<br \/>\n<a href=\"https:\/\/www.elwatan.com\/edition\/actualite\/consommation-les-distributeurs-de-lait-en-greve-a-lest-15-07-2021\">Cliquez ici pour lire l&rsquo;article depuis sa source.<\/a><\/p>\n","protected":false},"excerpt":{"rendered":"<p>Une forte crise de lait a \u00e9t\u00e9 ressentie ces derniers jours dans certaines wilayas de la r\u00e9gion est du pays, p\u00e9nalisant les consommateurs qui ont \u00e9t\u00e9 priv\u00e9s de ce produit essentiel, subventionn\u00e9 par l\u2019Etat, particuli\u00e8rement pour les familles d\u00e9munies. Cette situation a suscit\u00e9 beaucoup d\u2019interrogations, voire la col\u00e8re des citoyens et des commer\u00e7ants, qui ont [&hellip;]<\/p>\n","protected":false},"author":1743,"featured_media":0,"comment_status":"closed","ping_status":"closed","sticky":false,"template":"","format":"standard","meta":{"fifu_image_url":"https:\/\/www.elwatan.com\/wp-content\/themes\/spectr\/img\/default-picture-709x366_c.jpg","fifu_image_alt":"Consommation : Les distributeurs de lait en gr\u00e8ve \u00e0 l\u2019Est","footnotes":""},"categories":[73,53],"tags":[],"class_list":["post-121495","post","type-post","status-publish","format-standard","hentry","category-actualite","category-algerie"],"_links":{"self":[{"href":"https:\/\/linitiative.ca\/International\/wp-json\/wp\/v2\/posts\/121495","targetHints":{"allow":["GET"]}}],"collection":[{"href":"https:\/\/linitiative.ca\/International\/wp-json\/wp\/v2\/posts"}],"about":[{"href":"https:\/\/linitiative.ca\/International\/wp-json\/wp\/v2\/types\/post"}],"author":[{"embeddable":true,"href":"https:\/\/linitiative.ca\/International\/wp-json\/wp\/v2\/users\/1743"}],"replies":[{"embeddable":true,"href":"https:\/\/linitiative.ca\/International\/wp-json\/wp\/v2\/comments?post=121495"}],"version-history":[{"count":0,"href":"https:\/\/linitiative.ca\/International\/wp-json\/wp\/v2\/posts\/121495\/revisions"}],"wp:attachment":[{"href":"https:\/\/linitiative.ca\/International\/wp-json\/wp\/v2\/media?parent=121495"}],"wp:term":[{"taxonomy":"category","embeddable":true,"href":"https:\/\/linitiative.ca\/International\/wp-json\/wp\/v2\/categories?post=121495"},{"taxonomy":"post_tag","embeddable":true,"href":"https:\/\/linitiative.ca\/International\/wp-json\/wp\/v2\/tags?post=121495"}],"curies":[{"name":"wp","href":"https:\/\/api.w.org\/{rel}","templated":true}]}}