{"id":121497,"date":"2021-07-15T06:38:05","date_gmt":"2021-07-15T10:38:05","guid":{"rendered":"https:\/\/linitiative.ca\/International\/les-matheux-en-pole-position\/"},"modified":"2021-07-15T06:38:05","modified_gmt":"2021-07-15T10:38:05","slug":"les-matheux-en-pole-position","status":"publish","type":"post","link":"https:\/\/linitiative.ca\/International\/les-matheux-en-pole-position\/","title":{"rendered":"Les matheux en pole position"},"content":{"rendered":"<div>\n<div class=\"sriret\"><img decoding=\"async\" src=\"https:\/\/linitiative.ca\/International\/wp-content\/uploads\/sites\/23\/2021\/07\/default-picture-709x366_c-16.jpg\"><\/div>\n<p class=\"p3\"><span class=\"s2\"><b>Alors que l\u2019op\u00e9ration de correction des copies du baccalaur\u00e9at est \u00e0 sa troisi\u00e8me phase, les appr\u00e9ciations des r\u00e9sultats commencent \u00e0 voir le jour. Premier constat\u00a0: les matheux seront les plus chanceux.<\/b><\/span><\/p>\n<p class=\"p3\"><span class=\"s2\"><b>L<\/b><\/span><span class=\"s2\">es enseignants mobilis\u00e9s pour la correction des copies du baccalaur\u00e9at session 2021 ont entam\u00e9, hier, l\u2019\u00e9tape de la 3<sup>e<\/sup> correction. Une \u00e9tape obligatoire, vu que dans beaucoup de mati\u00e8res, l\u2019\u00e9cart de notes entre les deux premi\u00e8res corrections \u00e9tait important. Selon des enseignants, il atteindrait parfois 7 points d\u2019\u00e9cart.<\/span><\/p>\n<p>L\u2019article <a rel=\"nofollow\" href=\"https:\/\/www.elwatan.com\/a-la-une\/les-matheux-en-pole-position-15-07-2021\">Les matheux en pole position<\/a> est apparu en premier sur <a rel=\"nofollow\" href=\"https:\/\/www.elwatan.com\/\">El Watan<\/a>.<\/p>\n<\/div>\n<p>Auteur: Anis Khecheba<br \/>\n<a href=\"https:\/\/www.elwatan.com\/a-la-une\/les-matheux-en-pole-position-15-07-2021\">Cliquez ici pour lire l&rsquo;article depuis sa source.<\/a><\/p>\n","protected":false},"excerpt":{"rendered":"<p>Alors que l\u2019op\u00e9ration de correction des copies du baccalaur\u00e9at est \u00e0 sa troisi\u00e8me phase, les appr\u00e9ciations des r\u00e9sultats commencent \u00e0 voir le jour. Premier constat\u00a0: les matheux seront les plus chanceux. Les enseignants mobilis\u00e9s pour la correction des copies du baccalaur\u00e9at session 2021 ont entam\u00e9, hier, l\u2019\u00e9tape de la 3e correction. Une \u00e9tape obligatoire, vu [&hellip;]<\/p>\n","protected":false},"author":1743,"featured_media":0,"comment_status":"closed","ping_status":"closed","sticky":false,"template":"","format":"standard","meta":{"fifu_image_url":"https:\/\/www.elwatan.com\/wp-content\/themes\/spectr\/img\/default-picture-709x366_c.jpg","fifu_image_alt":"Les matheux en pole position","footnotes":""},"categories":[73,53],"tags":[],"class_list":["post-121497","post","type-post","status-publish","format-standard","hentry","category-actualite","category-algerie"],"_links":{"self":[{"href":"https:\/\/linitiative.ca\/International\/wp-json\/wp\/v2\/posts\/121497","targetHints":{"allow":["GET"]}}],"collection":[{"href":"https:\/\/linitiative.ca\/International\/wp-json\/wp\/v2\/posts"}],"about":[{"href":"https:\/\/linitiative.ca\/International\/wp-json\/wp\/v2\/types\/post"}],"author":[{"embeddable":true,"href":"https:\/\/linitiative.ca\/International\/wp-json\/wp\/v2\/users\/1743"}],"replies":[{"embeddable":true,"href":"https:\/\/linitiative.ca\/International\/wp-json\/wp\/v2\/comments?post=121497"}],"version-history":[{"count":0,"href":"https:\/\/linitiative.ca\/International\/wp-json\/wp\/v2\/posts\/121497\/revisions"}],"wp:attachment":[{"href":"https:\/\/linitiative.ca\/International\/wp-json\/wp\/v2\/media?parent=121497"}],"wp:term":[{"taxonomy":"category","embeddable":true,"href":"https:\/\/linitiative.ca\/International\/wp-json\/wp\/v2\/categories?post=121497"},{"taxonomy":"post_tag","embeddable":true,"href":"https:\/\/linitiative.ca\/International\/wp-json\/wp\/v2\/tags?post=121497"}],"curies":[{"name":"wp","href":"https:\/\/api.w.org\/{rel}","templated":true}]}}