{"id":121501,"date":"2021-07-15T04:40:00","date_gmt":"2021-07-15T08:40:00","guid":{"rendered":"https:\/\/linitiative.ca\/International\/asma-sehiri-laabidi-lamirale\/"},"modified":"2021-07-15T04:40:00","modified_gmt":"2021-07-15T08:40:00","slug":"asma-sehiri-laabidi-lamirale","status":"publish","type":"post","link":"https:\/\/linitiative.ca\/International\/asma-sehiri-laabidi-lamirale\/","title":{"rendered":"Asma Sehiri Laabidi: L\u2019Amirale"},"content":{"rendered":"<div><img decoding=\"async\" src=\"https:\/\/linitiative.ca\/International\/wp-content\/uploads\/sites\/23\/2021\/07\/1626340205_article.jpg\" alt=\"Asma Sehiri Laabidi: L\u2019Amirale\" align=\"left\">Enfant, elle voulait devenir avocate ou magistrate. Elle fera droit (mais aussi l\u2019ENA). Lorsque plus tard on lui proposera le minist\u00e8re de la Justice, elle pr\u00e9f\u00e8rera celui de la Femme et de la Famille. Elle a un projet pour d\u00e9fendre ardemment la cause des enfants, des femmes et des personnes \u00e2g\u00e9es. Elle avait impressionn\u00e9 Ely\u00e8s Fakhfakh qui, d\u00e9but 2020, formait son gouvernement. Son successeur, Hichem Mechichi, l\u2019invitera \u00e0 choisir entre plusieurs postes. Elle n\u2019h\u00e9sitera pas longtemps pour le secr\u00e9tariat g\u00e9n\u00e9ral aux Affaires maritimes. Une instance qui n\u2019existait que sur le Journal officiel, sans effectifs, ni budget.<br \/>\nSommaire<\/p>\n<p>\u2022 Face \u00e0 la mer<br \/>\n\u2022 Interview : &#8230;<\/p>\n<\/div>\n<p>Auteur:<br \/>\n<a href=\"https:\/\/www.leaders.com.tn\/article\/32152-asma-sehiri-laabidi-l-amirale\">Cliquez ici pour lire l&rsquo;article depuis sa source.<\/a><\/p>\n","protected":false},"excerpt":{"rendered":"<p>Enfant, elle voulait devenir avocate ou magistrate. Elle fera droit (mais aussi l\u2019ENA). Lorsque plus tard on lui proposera le minist\u00e8re de la Justice, elle pr\u00e9f\u00e8rera celui de la Femme et de la Famille. Elle a un projet pour d\u00e9fendre ardemment la cause des enfants, des femmes et des personnes \u00e2g\u00e9es. Elle avait impressionn\u00e9 Ely\u00e8s [&hellip;]<\/p>\n","protected":false},"author":1772,"featured_media":0,"comment_status":"closed","ping_status":"closed","sticky":false,"template":"","format":"standard","meta":{"fifu_image_url":"http:\/\/www.leaders.com.tn\/uploads\/content\/thumbnails_small\/1626340205_article.jpg","fifu_image_alt":"Asma Sehiri Laabidi: L\u2019Amirale","footnotes":""},"categories":[73,55],"tags":[],"class_list":["post-121501","post","type-post","status-publish","format-standard","hentry","category-actualite","category-tunisie"],"_links":{"self":[{"href":"https:\/\/linitiative.ca\/International\/wp-json\/wp\/v2\/posts\/121501","targetHints":{"allow":["GET"]}}],"collection":[{"href":"https:\/\/linitiative.ca\/International\/wp-json\/wp\/v2\/posts"}],"about":[{"href":"https:\/\/linitiative.ca\/International\/wp-json\/wp\/v2\/types\/post"}],"author":[{"embeddable":true,"href":"https:\/\/linitiative.ca\/International\/wp-json\/wp\/v2\/users\/1772"}],"replies":[{"embeddable":true,"href":"https:\/\/linitiative.ca\/International\/wp-json\/wp\/v2\/comments?post=121501"}],"version-history":[{"count":0,"href":"https:\/\/linitiative.ca\/International\/wp-json\/wp\/v2\/posts\/121501\/revisions"}],"wp:attachment":[{"href":"https:\/\/linitiative.ca\/International\/wp-json\/wp\/v2\/media?parent=121501"}],"wp:term":[{"taxonomy":"category","embeddable":true,"href":"https:\/\/linitiative.ca\/International\/wp-json\/wp\/v2\/categories?post=121501"},{"taxonomy":"post_tag","embeddable":true,"href":"https:\/\/linitiative.ca\/International\/wp-json\/wp\/v2\/tags?post=121501"}],"curies":[{"name":"wp","href":"https:\/\/api.w.org\/{rel}","templated":true}]}}