{"id":121503,"date":"2021-07-15T10:19:00","date_gmt":"2021-07-15T14:19:00","guid":{"rendered":"https:\/\/linitiative.ca\/International\/le-professeur-samir-marzouki-elu-vice-president-de-la-federation-internationale-des-professeurs-de-francais-fipf\/"},"modified":"2021-07-15T10:19:00","modified_gmt":"2021-07-15T14:19:00","slug":"le-professeur-samir-marzouki-elu-vice-president-de-la-federation-internationale-des-professeurs-de-francais-fipf","status":"publish","type":"post","link":"https:\/\/linitiative.ca\/International\/le-professeur-samir-marzouki-elu-vice-president-de-la-federation-internationale-des-professeurs-de-francais-fipf\/","title":{"rendered":"Le professeur Samir Marzouki \u00e9lu vice-pr\u00e9sident de la F\u00e9d\u00e9ration internationale des professeurs de fran\u00e7ais (FIPF)"},"content":{"rendered":"<div><img decoding=\"async\" src=\"https:\/\/linitiative.ca\/International\/wp-content\/uploads\/sites\/23\/2021\/07\/1626357855_article.jpg\" alt=\"Le professeur Samir Marzouki \u00e9lu vice-pr\u00e9sident de la F\u00e9d\u00e9ration internationale des professeurs de fran\u00e7ais (FIPF)\" align=\"left\">Le professeur Samir Marzouki vient d\u00a0\u00bb\u00eatre \u00e9lu vice pr\u00e9sident de la F\u00e9d\u00e9ration Internationale des\u00a0\u00a0 professeurs de fran\u00e7ais. Agr\u00e9g\u00e9 de Lettres modernes, docteur d\u2019Etat et professeur \u00e0 l\u2019Universit\u00e9 de Manouba \u00e0 Tunis, il est l&rsquo;auteur d\u2019une quinzaine d\u2019ouvrages et de deux cents articles, en fran\u00e7ais  et en arabe, sur la litt\u00e9rature fran\u00e7aise et francophone, la  litt\u00e9rature compar\u00e9e, la didactique des langues et des cultures, la  langue fran\u00e7aise en Tunisie et au Maghreb, la traduction publi\u00e9s en  Tunisie, en France, en Belgique, aux USA, au Royaume-Uni, au Liban.<br \/>\nAncien directeur de l\u2019Ecole normale sup\u00e9rieure de Tunis et de  l\u2019Institut sup\u00e9rieur de &#8230;<\/p>\n<\/div>\n<p>Auteur:<br \/>\n<a href=\"https:\/\/www.leaders.com.tn\/article\/32153-le-professeur-samir-marzouki-elu-vice-president-de-la-federation-internationale-des-professeurs-de-francais-fipf\">Cliquez ici pour lire l&rsquo;article depuis sa source.<\/a><\/p>\n","protected":false},"excerpt":{"rendered":"<p>Le professeur Samir Marzouki vient d\u00a0\u00bb\u00eatre \u00e9lu vice pr\u00e9sident de la F\u00e9d\u00e9ration Internationale des\u00a0\u00a0 professeurs de fran\u00e7ais. Agr\u00e9g\u00e9 de Lettres modernes, docteur d\u2019Etat et professeur \u00e0 l\u2019Universit\u00e9 de Manouba \u00e0 Tunis, il est l&rsquo;auteur d\u2019une quinzaine d\u2019ouvrages et de deux cents articles, en fran\u00e7ais et en arabe, sur la litt\u00e9rature fran\u00e7aise et francophone, la litt\u00e9rature [&hellip;]<\/p>\n","protected":false},"author":1772,"featured_media":0,"comment_status":"closed","ping_status":"closed","sticky":false,"template":"","format":"standard","meta":{"fifu_image_url":"http:\/\/www.leaders.com.tn\/uploads\/content\/thumbnails_small\/1626357855_article.jpg","fifu_image_alt":"Le professeur Samir Marzouki \u00e9lu vice-pr\u00e9sident de la F\u00e9d\u00e9ration internationale des professeurs de fran\u00e7ais (FIPF)","footnotes":""},"categories":[73,55],"tags":[],"class_list":["post-121503","post","type-post","status-publish","format-standard","hentry","category-actualite","category-tunisie"],"_links":{"self":[{"href":"https:\/\/linitiative.ca\/International\/wp-json\/wp\/v2\/posts\/121503","targetHints":{"allow":["GET"]}}],"collection":[{"href":"https:\/\/linitiative.ca\/International\/wp-json\/wp\/v2\/posts"}],"about":[{"href":"https:\/\/linitiative.ca\/International\/wp-json\/wp\/v2\/types\/post"}],"author":[{"embeddable":true,"href":"https:\/\/linitiative.ca\/International\/wp-json\/wp\/v2\/users\/1772"}],"replies":[{"embeddable":true,"href":"https:\/\/linitiative.ca\/International\/wp-json\/wp\/v2\/comments?post=121503"}],"version-history":[{"count":0,"href":"https:\/\/linitiative.ca\/International\/wp-json\/wp\/v2\/posts\/121503\/revisions"}],"wp:attachment":[{"href":"https:\/\/linitiative.ca\/International\/wp-json\/wp\/v2\/media?parent=121503"}],"wp:term":[{"taxonomy":"category","embeddable":true,"href":"https:\/\/linitiative.ca\/International\/wp-json\/wp\/v2\/categories?post=121503"},{"taxonomy":"post_tag","embeddable":true,"href":"https:\/\/linitiative.ca\/International\/wp-json\/wp\/v2\/tags?post=121503"}],"curies":[{"name":"wp","href":"https:\/\/api.w.org\/{rel}","templated":true}]}}