{"id":121505,"date":"2021-07-15T12:50:00","date_gmt":"2021-07-15T16:50:00","guid":{"rendered":"https:\/\/linitiative.ca\/International\/deces-du-professeur-mohsen-zaouali-le-pavillon-13-de-lhopital-la-rabta-en-deuil\/"},"modified":"2021-07-15T12:50:00","modified_gmt":"2021-07-15T16:50:00","slug":"deces-du-professeur-mohsen-zaouali-le-pavillon-13-de-lhopital-la-rabta-en-deuil","status":"publish","type":"post","link":"https:\/\/linitiative.ca\/International\/deces-du-professeur-mohsen-zaouali-le-pavillon-13-de-lhopital-la-rabta-en-deuil\/","title":{"rendered":"D\u00e9c\u00e8s du Professeur Mohsen Zaouali : Le Pavillon 13 de l\u2019h\u00f4pital la Rabta, en deuil"},"content":{"rendered":"<div><img decoding=\"async\" src=\"https:\/\/linitiative.ca\/International\/wp-content\/uploads\/sites\/23\/2021\/07\/1626364957_article.jpg\" alt=\"D\u00e9c\u00e8s du Professeur Mohsen Zaouali : Le Pavillon 13 de l\u2019h\u00f4pital la Rabta, en deuil\" align=\"left\">C\u2019est avec une grande tristesse et profonde affliction que nous avons appris tard hier soir la disparition de notre cher confr\u00e8re et ami, le Professeur Mohsen Zaouali, ancien chef de service de Cardiologie \u00e0 l\u2019h\u00f4pital La Rabta de Tunis.<br \/>\nIssu des toutes premi\u00e8res promotions de la facult\u00e9 de M\u00e9decine de Tunis, le professeur Zaouali a rejoint, pour sa formation, le prestigieux Pavillon 13, en vue de cr\u00e9er et diriger par la suite le premier service hospitalo-universitaire de Cardiologie \u00e0 Jendouba, apr\u00e8s un bref passage \u00e0 l\u2019h\u00f4pital de Menzel Bourguiba.<\/p>\n<p>Il reviendra au Pavillon 13 \u00e0 la fin des ann\u00e9es 1980 pour succ\u00e9der au Professeur Mohamed Ben Smail, p\u00e8re fondateur de &#8230;<\/p>\n<\/div>\n<p>Auteur:<br \/>\n<a href=\"https:\/\/www.leaders.com.tn\/article\/32154-deces-du-professeur-mohsen-zaouali-le-pavillon-13-de-l-hopital-la-rabta-en-deuil\">Cliquez ici pour lire l&rsquo;article depuis sa source.<\/a><\/p>\n","protected":false},"excerpt":{"rendered":"<p>C\u2019est avec une grande tristesse et profonde affliction que nous avons appris tard hier soir la disparition de notre cher confr\u00e8re et ami, le Professeur Mohsen Zaouali, ancien chef de service de Cardiologie \u00e0 l\u2019h\u00f4pital La Rabta de Tunis. Issu des toutes premi\u00e8res promotions de la facult\u00e9 de M\u00e9decine de Tunis, le professeur Zaouali a [&hellip;]<\/p>\n","protected":false},"author":1772,"featured_media":0,"comment_status":"closed","ping_status":"closed","sticky":false,"template":"","format":"standard","meta":{"fifu_image_url":"http:\/\/www.leaders.com.tn\/uploads\/content\/thumbnails_small\/1626364957_article.jpg","fifu_image_alt":"D\u00e9c\u00e8s du Professeur Mohsen Zaouali : Le Pavillon 13 de l\u2019h\u00f4pital la Rabta, en deuil","footnotes":""},"categories":[73,55],"tags":[],"class_list":["post-121505","post","type-post","status-publish","format-standard","hentry","category-actualite","category-tunisie"],"_links":{"self":[{"href":"https:\/\/linitiative.ca\/International\/wp-json\/wp\/v2\/posts\/121505","targetHints":{"allow":["GET"]}}],"collection":[{"href":"https:\/\/linitiative.ca\/International\/wp-json\/wp\/v2\/posts"}],"about":[{"href":"https:\/\/linitiative.ca\/International\/wp-json\/wp\/v2\/types\/post"}],"author":[{"embeddable":true,"href":"https:\/\/linitiative.ca\/International\/wp-json\/wp\/v2\/users\/1772"}],"replies":[{"embeddable":true,"href":"https:\/\/linitiative.ca\/International\/wp-json\/wp\/v2\/comments?post=121505"}],"version-history":[{"count":0,"href":"https:\/\/linitiative.ca\/International\/wp-json\/wp\/v2\/posts\/121505\/revisions"}],"wp:attachment":[{"href":"https:\/\/linitiative.ca\/International\/wp-json\/wp\/v2\/media?parent=121505"}],"wp:term":[{"taxonomy":"category","embeddable":true,"href":"https:\/\/linitiative.ca\/International\/wp-json\/wp\/v2\/categories?post=121505"},{"taxonomy":"post_tag","embeddable":true,"href":"https:\/\/linitiative.ca\/International\/wp-json\/wp\/v2\/tags?post=121505"}],"curies":[{"name":"wp","href":"https:\/\/api.w.org\/{rel}","templated":true}]}}