{"id":121509,"date":"2021-07-15T10:49:48","date_gmt":"2021-07-15T14:49:48","guid":{"rendered":"https:\/\/linitiative.ca\/International\/tpe-qimam-intelaka-vise-laccompagnement-de-700-porteurs-de-projets\/"},"modified":"2021-07-15T10:49:48","modified_gmt":"2021-07-15T14:49:48","slug":"tpe-qimam-intelaka-vise-laccompagnement-de-700-porteurs-de-projets","status":"publish","type":"post","link":"https:\/\/linitiative.ca\/International\/tpe-qimam-intelaka-vise-laccompagnement-de-700-porteurs-de-projets\/","title":{"rendered":"TPE. Qimam Intelaka vise l\u2019accompagnement de 700 porteurs de projets"},"content":{"rendered":"<div><img decoding=\"async\" width=\"2560\" height=\"1815\" src=\"https:\/\/linitiative.ca\/International\/wp-content\/uploads\/sites\/23\/2021\/07\/CEREMONIE-DE-SIGNATURE-DE-PARTENARIAT-BANQUE-POPULAIREFCE-CRI-ANAPEC-2-scaled-1.jpg\" class=\"attachment-post-thumbnail size-post-thumbnail wp-post-image\" alt=\"\" loading=\"lazy\" srcset=\"https:\/\/linitiative.ca\/International\/wp-content\/uploads\/sites\/23\/2021\/07\/CEREMONIE-DE-SIGNATURE-DE-PARTENARIAT-BANQUE-POPULAIREFCE-CRI-ANAPEC-2-scaled-1.jpg 2560w, https:\/\/www.challenge.ma\/wp-content\/uploads\/2021\/07\/CEREMONIE-DE-SIGNATURE-DE-PARTENARIAT-BANQUE-POPULAIREFCE-CRI-ANAPEC-2-300x213.jpg 300w, https:\/\/www.challenge.ma\/wp-content\/uploads\/2021\/07\/CEREMONIE-DE-SIGNATURE-DE-PARTENARIAT-BANQUE-POPULAIREFCE-CRI-ANAPEC-2-1024x726.jpg 1024w, https:\/\/www.challenge.ma\/wp-content\/uploads\/2021\/07\/CEREMONIE-DE-SIGNATURE-DE-PARTENARIAT-BANQUE-POPULAIREFCE-CRI-ANAPEC-2-768x544.jpg 768w, https:\/\/www.challenge.ma\/wp-content\/uploads\/2021\/07\/CEREMONIE-DE-SIGNATURE-DE-PARTENARIAT-BANQUE-POPULAIREFCE-CRI-ANAPEC-2-1536x1089.jpg 1536w, https:\/\/www.challenge.ma\/wp-content\/uploads\/2021\/07\/CEREMONIE-DE-SIGNATURE-DE-PARTENARIAT-BANQUE-POPULAIREFCE-CRI-ANAPEC-2-2048x1452.jpg 2048w, https:\/\/www.challenge.ma\/wp-content\/uploads\/2021\/07\/CEREMONIE-DE-SIGNATURE-DE-PARTENARIAT-BANQUE-POPULAIREFCE-CRI-ANAPEC-2-360x255.jpg 360w, https:\/\/www.challenge.ma\/wp-content\/uploads\/2021\/07\/CEREMONIE-DE-SIGNATURE-DE-PARTENARIAT-BANQUE-POPULAIREFCE-CRI-ANAPEC-2-750x532.jpg 750w\" sizes=\"auto, (max-width: 2560px) 100vw, 2560px\" itemprop=\"image\">Le programme d\u2019accompagnement d\u00e9di\u00e9 aux TPE r\u00e9gionales \u00ab Qimam Intelaka \u00bb fait partie du p\u00f4le int\u00e9gr\u00e9 de l\u2019accompagnement du CRI de Casablanca Settat \u00ab Qimam \u00bb. Le Centre R\u00e9gional d\u2019Investissement (CRI) Casablanca-Settat, l\u2019Agence nationale de promotion de l\u2019emploi et des comp\u00e9tences (ANAPEC), la Fondation Cr\u00e9ation d\u2019Entreprises du groupe BCP et<\/div>\n<p>Auteur: challenge<br \/>\n<a href=\"https:\/\/www.challenge.ma\/tpe-qimam-intelaka-vise-laccompagnement-de-700-porteurs-de-projets-192709\/\">Cliquez ici pour lire l&rsquo;article depuis sa source.<\/a><\/p>\n","protected":false},"excerpt":{"rendered":"<p>Le programme d\u2019accompagnement d\u00e9di\u00e9 aux TPE r\u00e9gionales \u00ab Qimam Intelaka \u00bb fait partie du p\u00f4le int\u00e9gr\u00e9 de l\u2019accompagnement du CRI de Casablanca Settat \u00ab Qimam \u00bb. Le Centre R\u00e9gional d\u2019Investissement (CRI) Casablanca-Settat, l\u2019Agence nationale de promotion de l\u2019emploi et des comp\u00e9tences (ANAPEC), la Fondation Cr\u00e9ation d\u2019Entreprises du groupe BCP et Auteur: challenge Cliquez ici pour [&hellip;]<\/p>\n","protected":false},"author":1787,"featured_media":0,"comment_status":"closed","ping_status":"closed","sticky":false,"template":"","format":"standard","meta":{"fifu_image_url":"https:\/\/www.challenge.ma\/wp-content\/uploads\/2021\/07\/CEREMONIE-DE-SIGNATURE-DE-PARTENARIAT-BANQUE-POPULAIREFCE-CRI-ANAPEC-2-scaled.jpg","fifu_image_alt":"TPE. Qimam Intelaka vise l\u2019accompagnement de 700 porteurs de projets","footnotes":""},"categories":[78,54],"tags":[],"class_list":["post-121509","post","type-post","status-publish","format-standard","hentry","category-economie","category-maroc"],"_links":{"self":[{"href":"https:\/\/linitiative.ca\/International\/wp-json\/wp\/v2\/posts\/121509","targetHints":{"allow":["GET"]}}],"collection":[{"href":"https:\/\/linitiative.ca\/International\/wp-json\/wp\/v2\/posts"}],"about":[{"href":"https:\/\/linitiative.ca\/International\/wp-json\/wp\/v2\/types\/post"}],"author":[{"embeddable":true,"href":"https:\/\/linitiative.ca\/International\/wp-json\/wp\/v2\/users\/1787"}],"replies":[{"embeddable":true,"href":"https:\/\/linitiative.ca\/International\/wp-json\/wp\/v2\/comments?post=121509"}],"version-history":[{"count":0,"href":"https:\/\/linitiative.ca\/International\/wp-json\/wp\/v2\/posts\/121509\/revisions"}],"wp:attachment":[{"href":"https:\/\/linitiative.ca\/International\/wp-json\/wp\/v2\/media?parent=121509"}],"wp:term":[{"taxonomy":"category","embeddable":true,"href":"https:\/\/linitiative.ca\/International\/wp-json\/wp\/v2\/categories?post=121509"},{"taxonomy":"post_tag","embeddable":true,"href":"https:\/\/linitiative.ca\/International\/wp-json\/wp\/v2\/tags?post=121509"}],"curies":[{"name":"wp","href":"https:\/\/api.w.org\/{rel}","templated":true}]}}