{"id":121513,"date":"2021-07-15T11:54:11","date_gmt":"2021-07-15T15:54:11","guid":{"rendered":"https:\/\/linitiative.ca\/International\/aid-al-adha-la-priere-ne-sera-pas-accomplie-dans-les-moussalas-et-les-mosquees\/"},"modified":"2021-07-15T11:54:11","modified_gmt":"2021-07-15T15:54:11","slug":"aid-al-adha-la-priere-ne-sera-pas-accomplie-dans-les-moussalas-et-les-mosquees","status":"publish","type":"post","link":"https:\/\/linitiative.ca\/International\/aid-al-adha-la-priere-ne-sera-pas-accomplie-dans-les-moussalas-et-les-mosquees\/","title":{"rendered":"A\u00efd Al-Adha. La pri\u00e8re ne sera pas accomplie dans les moussalas et les mosqu\u00e9es"},"content":{"rendered":"<div><img decoding=\"async\" width=\"505\" height=\"295\" src=\"https:\/\/linitiative.ca\/International\/wp-content\/uploads\/sites\/23\/2021\/07\/al-adha.jpeg\" class=\"attachment-post-thumbnail size-post-thumbnail wp-post-image\" alt=\"\" loading=\"lazy\" srcset=\"https:\/\/linitiative.ca\/International\/wp-content\/uploads\/sites\/23\/2021\/07\/al-adha.jpeg 505w, https:\/\/www.challenge.ma\/wp-content\/uploads\/2021\/07\/al-adha-300x175.jpeg 300w, https:\/\/www.challenge.ma\/wp-content\/uploads\/2021\/07\/al-adha-360x210.jpeg 360w\" sizes=\"auto, (max-width: 505px) 100vw, 505px\" itemprop=\"image\">Face \u00e0 l\u2019augmentation des cas de covid-19, les autorit\u00e9s comp\u00e9tentes prennent les mesures idoines \u00e0 l\u2019approche de la c\u00e9l\u00e9bration de l\u2019A\u00efd Al-Adha. C\u2019est dans ce sens \u00a0que le minist\u00e8re des Habous et des Affaires islamiques a annonc\u00e9 le 15 juillet qu\u2019il \u00ab\u00a0a \u00e9t\u00e9 d\u00e9cid\u00e9, dans le cadre des mesures pr\u00e9ventives<\/div>\n<p>Auteur: challenge<br \/>\n<a href=\"https:\/\/www.challenge.ma\/aid-al-adha-la-priere-ne-sera-pas-accomplie-dans-les-moussalas-et-les-mosquees-192738\/\">Cliquez ici pour lire l&rsquo;article depuis sa source.<\/a><\/p>\n","protected":false},"excerpt":{"rendered":"<p>Face \u00e0 l\u2019augmentation des cas de covid-19, les autorit\u00e9s comp\u00e9tentes prennent les mesures idoines \u00e0 l\u2019approche de la c\u00e9l\u00e9bration de l\u2019A\u00efd Al-Adha. C\u2019est dans ce sens \u00a0que le minist\u00e8re des Habous et des Affaires islamiques a annonc\u00e9 le 15 juillet qu\u2019il \u00ab\u00a0a \u00e9t\u00e9 d\u00e9cid\u00e9, dans le cadre des mesures pr\u00e9ventives Auteur: challenge Cliquez ici pour [&hellip;]<\/p>\n","protected":false},"author":1787,"featured_media":0,"comment_status":"closed","ping_status":"closed","sticky":false,"template":"","format":"standard","meta":{"fifu_image_url":"https:\/\/www.challenge.ma\/wp-content\/uploads\/2021\/07\/al-adha.jpeg","fifu_image_alt":"A\u00efd Al-Adha. La pri\u00e8re ne sera pas accomplie dans les moussalas et les mosqu\u00e9es","footnotes":""},"categories":[78,54],"tags":[],"class_list":["post-121513","post","type-post","status-publish","format-standard","hentry","category-economie","category-maroc"],"_links":{"self":[{"href":"https:\/\/linitiative.ca\/International\/wp-json\/wp\/v2\/posts\/121513","targetHints":{"allow":["GET"]}}],"collection":[{"href":"https:\/\/linitiative.ca\/International\/wp-json\/wp\/v2\/posts"}],"about":[{"href":"https:\/\/linitiative.ca\/International\/wp-json\/wp\/v2\/types\/post"}],"author":[{"embeddable":true,"href":"https:\/\/linitiative.ca\/International\/wp-json\/wp\/v2\/users\/1787"}],"replies":[{"embeddable":true,"href":"https:\/\/linitiative.ca\/International\/wp-json\/wp\/v2\/comments?post=121513"}],"version-history":[{"count":0,"href":"https:\/\/linitiative.ca\/International\/wp-json\/wp\/v2\/posts\/121513\/revisions"}],"wp:attachment":[{"href":"https:\/\/linitiative.ca\/International\/wp-json\/wp\/v2\/media?parent=121513"}],"wp:term":[{"taxonomy":"category","embeddable":true,"href":"https:\/\/linitiative.ca\/International\/wp-json\/wp\/v2\/categories?post=121513"},{"taxonomy":"post_tag","embeddable":true,"href":"https:\/\/linitiative.ca\/International\/wp-json\/wp\/v2\/tags?post=121513"}],"curies":[{"name":"wp","href":"https:\/\/api.w.org\/{rel}","templated":true}]}}