{"id":121517,"date":"2021-07-15T16:01:11","date_gmt":"2021-07-15T20:01:11","guid":{"rendered":"https:\/\/linitiative.ca\/International\/la-bourse-de-tunis-sombre-dans-les-pertes\/"},"modified":"2021-07-15T16:01:11","modified_gmt":"2021-07-15T20:01:11","slug":"la-bourse-de-tunis-sombre-dans-les-pertes","status":"publish","type":"post","link":"https:\/\/linitiative.ca\/International\/la-bourse-de-tunis-sombre-dans-les-pertes\/","title":{"rendered":"La Bourse de Tunis sombre dans les pertes"},"content":{"rendered":"<div>\n<p>Comportement du march\u00e9 L\u2019indice de r\u00e9f\u00e9rence de la Bourse de Tunis a cl\u00f4tur\u00e9 la s\u00e9ance d\u2019aujourd\u2019hui jeudi 15 juillet 2021 en recul, et ce pour la cinqui\u00e8me s\u00e9ance cons\u00e9cutive. Tunindex perd ainsi 0,14% pour se situer \u00e0 7 221,03 points au m\u00eame titre que Tunindex 20 qui a r\u00e9gress\u00e9 de 0,15% \u00e0 3 163,20 points. [\u2026]<\/p>\n<p>L\u2019article <a href=\"https:\/\/www.tunisienumerique.com\/la-bourse-de-tunis-sombre-dans-les-pertes\/\">La Bourse de Tunis sombre dans les pertes<\/a> est apparu en premier sur <a href=\"https:\/\/www.tunisienumerique.com\/\">Tunisie<\/a>.<\/p>\n<\/div>\n<p>Auteur: Mohamed Ben Abderrazek<br \/>\n<a href=\"https:\/\/www.tunisienumerique.com\/la-bourse-de-tunis-sombre-dans-les-pertes\/\">Cliquez ici pour lire l&rsquo;article depuis sa source.<\/a><\/p>\n","protected":false},"excerpt":{"rendered":"<p>Comportement du march\u00e9 L\u2019indice de r\u00e9f\u00e9rence de la Bourse de Tunis a cl\u00f4tur\u00e9 la s\u00e9ance d\u2019aujourd\u2019hui jeudi 15 juillet 2021 en recul, et ce pour la cinqui\u00e8me s\u00e9ance cons\u00e9cutive. Tunindex perd ainsi 0,14% pour se situer \u00e0 7 221,03 points au m\u00eame titre que Tunindex 20 qui a r\u00e9gress\u00e9 de 0,15% \u00e0 3 163,20 points. [&hellip;]<\/p>\n","protected":false},"author":1789,"featured_media":0,"comment_status":"closed","ping_status":"closed","sticky":false,"template":"","format":"standard","meta":{"fifu_image_url":"","fifu_image_alt":"","footnotes":""},"categories":[73,55],"tags":[],"class_list":["post-121517","post","type-post","status-publish","format-standard","hentry","category-actualite","category-tunisie"],"_links":{"self":[{"href":"https:\/\/linitiative.ca\/International\/wp-json\/wp\/v2\/posts\/121517","targetHints":{"allow":["GET"]}}],"collection":[{"href":"https:\/\/linitiative.ca\/International\/wp-json\/wp\/v2\/posts"}],"about":[{"href":"https:\/\/linitiative.ca\/International\/wp-json\/wp\/v2\/types\/post"}],"author":[{"embeddable":true,"href":"https:\/\/linitiative.ca\/International\/wp-json\/wp\/v2\/users\/1789"}],"replies":[{"embeddable":true,"href":"https:\/\/linitiative.ca\/International\/wp-json\/wp\/v2\/comments?post=121517"}],"version-history":[{"count":0,"href":"https:\/\/linitiative.ca\/International\/wp-json\/wp\/v2\/posts\/121517\/revisions"}],"wp:attachment":[{"href":"https:\/\/linitiative.ca\/International\/wp-json\/wp\/v2\/media?parent=121517"}],"wp:term":[{"taxonomy":"category","embeddable":true,"href":"https:\/\/linitiative.ca\/International\/wp-json\/wp\/v2\/categories?post=121517"},{"taxonomy":"post_tag","embeddable":true,"href":"https:\/\/linitiative.ca\/International\/wp-json\/wp\/v2\/tags?post=121517"}],"curies":[{"name":"wp","href":"https:\/\/api.w.org\/{rel}","templated":true}]}}